{"id":18314,"date":"2024-08-12T09:11:12","date_gmt":"2024-08-12T07:11:12","guid":{"rendered":"https:\/\/www.imo-gmbh.com\/e-3-000-fuer-den-guten-zweck\/"},"modified":"2024-08-12T09:11:15","modified_gmt":"2024-08-12T07:11:15","slug":"e-3-000-fuer-den-guten-zweck","status":"publish","type":"post","link":"https:\/\/www.imo-gmbh.com\/en\/e-3-000-fuer-den-guten-zweck\/","title":{"rendered":"\u20ac 3.000,- f\u00fcr den guten Zweck"},"content":{"rendered":"\t\t<div data-elementor-type=\"wp-post\" data-elementor-id=\"18314\" class=\"elementor elementor-18314 elementor-18296\" data-elementor-post-type=\"post\">\n\t\t\t\t\t\t<section data-particle_enable=\"false\" data-particle-mobile-disabled=\"false\" class=\"elementor-section elementor-top-section elementor-element elementor-element-518c6915 elementor-section-full_width elementor-section-height-default elementor-section-height-default\" data-id=\"518c6915\" data-element_type=\"section\" data-e-type=\"section\" data-settings=\"{&quot;background_background&quot;:&quot;classic&quot;}\">\n\t\t\t\t\t\t<div class=\"elementor-container elementor-column-gap-no\">\n\t\t\t\t\t<div class=\"elementor-column elementor-col-100 elementor-top-column elementor-element elementor-element-6f224f96\" data-id=\"6f224f96\" data-element_type=\"column\" data-e-type=\"column\">\n\t\t\t<div class=\"elementor-widget-wrap elementor-element-populated\">\n\t\t\t\t\t\t<div class=\"elementor-element elementor-element-23ab507d elementor--h-position-center elementor--v-position-middle elementor-pagination-position-inside elementor-widget elementor-widget-slides\" data-id=\"23ab507d\" data-element_type=\"widget\" data-e-type=\"widget\" data-settings=\"{&quot;navigation&quot;:&quot;dots&quot;,&quot;autoplay&quot;:&quot;yes&quot;,&quot;pause_on_hover&quot;:&quot;yes&quot;,&quot;pause_on_interaction&quot;:&quot;yes&quot;,&quot;autoplay_speed&quot;:5000,&quot;infinite&quot;:&quot;yes&quot;,&quot;transition&quot;:&quot;slide&quot;,&quot;transition_speed&quot;:500}\" data-widget_type=\"slides.default\">\n\t\t\t\t<div class=\"elementor-widget-container\">\n\t\t\t\t\t\t\t\t\t<div class=\"elementor-swiper\">\n\t\t\t\t\t<div class=\"elementor-slides-wrapper elementor-main-swiper swiper\" role=\"region\" aria-roledescription=\"carousel\" aria-label=\"Slides\" dir=\"ltr\" data-animation=\"fadeInUp\">\n\t\t\t\t<div class=\"swiper-wrapper elementor-slides\">\n\t\t\t\t\t\t\t\t\t\t<div class=\"elementor-repeater-item-7c06743 swiper-slide\" role=\"group\" aria-roledescription=\"slide\"><div class=\"swiper-slide-bg\" role=\"img\" aria-label=\"Stadtradeln 2024\"><\/div><div class=\"swiper-slide-inner\" ><div class=\"swiper-slide-contents\"><\/div><\/div><\/div>\t\t\t\t<\/div>\n\t\t\t\t\t\t\t<\/div>\n\t\t\t\t<\/div>\n\t\t\t\t\t\t\t\t<\/div>\n\t\t\t\t<\/div>\n\t\t\t\t\t<\/div>\n\t\t<\/div>\n\t\t\t\t\t<\/div>\n\t\t<\/section>\n\t\t\t\t<section data-particle_enable=\"false\" data-particle-mobile-disabled=\"false\" class=\"elementor-section elementor-top-section elementor-element elementor-element-63659269 elementor-section-boxed elementor-section-height-default elementor-section-height-default\" data-id=\"63659269\" data-element_type=\"section\" data-e-type=\"section\" data-settings=\"{&quot;background_background&quot;:&quot;classic&quot;}\">\n\t\t\t\t\t\t<div class=\"elementor-container elementor-column-gap-default\">\n\t\t\t\t\t<div class=\"elementor-column elementor-col-100 elementor-top-column elementor-element elementor-element-69f2459e\" data-id=\"69f2459e\" data-element_type=\"column\" data-e-type=\"column\">\n\t\t\t<div class=\"elementor-widget-wrap elementor-element-populated\">\n\t\t\t\t\t\t<div class=\"elementor-element elementor-element-4d8fab9a balken-headline-schwarz elementor-widget elementor-widget-heading\" data-id=\"4d8fab9a\" data-element_type=\"widget\" data-e-type=\"widget\" data-widget_type=\"heading.default\">\n\t\t\t\t<div class=\"elementor-widget-container\">\n\t\t\t\t\t<h3 class=\"elementor-heading-title elementor-size-default\">12. August 2024<\/h3>\t\t\t\t<\/div>\n\t\t\t\t<\/div>\n\t\t\t\t<div class=\"elementor-element elementor-element-7b65bee5 balken-headline-rot elementor-widget elementor-widget-heading\" data-id=\"7b65bee5\" data-element_type=\"widget\" data-e-type=\"widget\" data-widget_type=\"heading.default\">\n\t\t\t\t<div class=\"elementor-widget-container\">\n\t\t\t\t\t<h2 class=\"elementor-heading-title elementor-size-default\">IMO radelt knapp 7.000 km f\u00fcr den guten Zweck<\/h2>\t\t\t\t<\/div>\n\t\t\t\t<\/div>\n\t\t\t\t\t<\/div>\n\t\t<\/div>\n\t\t\t\t\t<\/div>\n\t\t<\/section>\n\t\t\t\t<section data-particle_enable=\"false\" data-particle-mobile-disabled=\"false\" class=\"elementor-section elementor-top-section elementor-element elementor-element-63d266f2 elementor-section-boxed elementor-section-height-default elementor-section-height-default\" data-id=\"63d266f2\" data-element_type=\"section\" data-e-type=\"section\" data-settings=\"{&quot;background_background&quot;:&quot;classic&quot;}\">\n\t\t\t\t\t\t<div class=\"elementor-container elementor-column-gap-default\">\n\t\t\t\t\t<div class=\"elementor-column elementor-col-50 elementor-top-column elementor-element elementor-element-679ce315\" data-id=\"679ce315\" data-element_type=\"column\" data-e-type=\"column\">\n\t\t\t<div class=\"elementor-widget-wrap elementor-element-populated\">\n\t\t\t\t\t\t<div class=\"elementor-element elementor-element-7a469bf elementor-widget elementor-widget-text-editor\" data-id=\"7a469bf\" data-element_type=\"widget\" data-e-type=\"widget\" data-widget_type=\"text-editor.default\">\n\t\t\t\t<div class=\"elementor-widget-container\">\n\t\t\t\t\t\t\t\t\tBereits zum vierten Mal in Folge nahm das IMO-Team in diesem Jahr beim Stadtradeln teil. 27 Kolleginnen und Kollegen traten aktiv in die Pedale und legten im Aktionszeitraum knapp 7.000 km auf ihren Fahrr\u00e4dern zur\u00fcck. Dies sicherte erneut Platz 2 im Rennen um die Gesamtkilometer in K\u00f6nigsbach-Stein \u2013 nur \u00fcbertroffen vom \u00f6rtlichen Gymnasium, das mit mehr als dreimal so vielen Radlern antrat. \u201eWie angek\u00fcndigt spenden wir abh\u00e4ngig von der Menge der gefahrenen Kilometer eine Summe f\u00fcr den guten Zweck\u201c, erkl\u00e4ren Kay und Armin M\u00fcller, die S\u00f6hne von IMO-Gesch\u00e4ftsf\u00fchrer Bernd M\u00fcller \u201eF\u00fcr die gefahrenen Kilometer verteilen wir \u20ac 3.000,- an zwei soziale Einrichtungen.\u201c Somit erhalten sowohl die Familienherberge Lebensweg in Illingen als auch das Palliativ Netz Pforzheim und Enzkreis \u20ac 1.500,- f\u00fcr anstehende Projekte.\r\n\r\n&nbsp;\r\n\r\n<strong>Die Spendenempf\u00e4nger<\/strong>\r\nDie Familienherberge Lebensweg bietet Familien mit schwerstkranken und behinderten Kindern ein pflegegerecht ausgestattetes Zuhause auf Zeit. \u201eHerzlichen Dank f\u00fcr das Engagement und Durchhalteverm\u00f6gen des IMO-Teams beim Radfahren! Wir werden die gro\u00dfz\u00fcgige Spendensumme f\u00fcr die Beschattung unseres Spielplatzes, besonders des Sandkastens nutzen\u201c, freut sich Isabel Berger vom Spendenmanagement der Familienherberge und erkl\u00e4rt: \u201eUnser Spielplatz bietet eine Vielzahl an Inklusionsangeboten, die es jedem Kind erm\u00f6glichen, sich frei zu entfalten.\u201c\r\n\r\nDas Palliativ Netz Pforzheim-Enzkreis verfolgt das Ziel, Patienten mit einer nicht heilbaren, fortschreitenden oder weit fortgeschrittenen Erkrankung und einer begrenzten Lebenszeit im vertrauten h\u00e4uslichen Umfeld oder im Hospiz zu betreuen. \u201eWir bedanken uns f\u00fcr die Spende der IMO Oberfl\u00e4chentechnik. Diese werden wir nutzen, um hochwertige Cremes und \u00d6le anzuschaffen, die dem Wohlbefinden der Patienten dienen, und investieren au\u00dferdem in eine Infobrosch\u00fcre f\u00fcr Angeh\u00f6rige sowie in Kurse f\u00fcr unsere Mitarbeiter\u201c, erkl\u00e4rt Dr. Peter Engeser, Vorstand des Palliativ Netzes.\r\n\r\n&nbsp;\r\n\r\n<strong>Die IMO-Stadtradler<\/strong>\r\nUm beim Stadtradeln nicht nur alleine Kilometer zu sammeln, sondern auch als Gruppe, hatte das IMO-Team wie schon in den Jahren zuvor eine Radtour geplant: Auf der traditionellen Vogelbr\u00e4u-Rundfahrt legten die Kollegen rund 54 Kilometer mit 380 H\u00f6henmetern von IMO in K\u00f6nigsbach aus gemeinsam zur\u00fcck. Auf \u00fcberwiegend befestigten Wegen und bei strahlendem Sonnenschein wurde es eine entspannte Fahrt f\u00fcr das Team.\r\n\r\n&nbsp;\r\n\r\nAu\u00dferdem radelte nat\u00fcrlich jeder f\u00fcr sich im Alltag. So konnte das Team gemeinsam umgerechnet mehr als 1.155 Kilogramm CO2-Aussto\u00df vermeiden. Herausragende Radler bei IMO waren Volker Schlake-Maidel und Thomas Zimmermann, die jeder mehr als 1.000 km radelten und sich einen harten Kampf um Platz 1 im IMO-Team lieferten. Teamkapit\u00e4n Viktor Hecht zeigt sich sehr zufrieden mit dem Ergebnis: \u201eIch bedanke mich ganz herzlich bei allen Mitradelnden und nat\u00fcrlich bei der Firma IMO f\u00fcr die gro\u00dfz\u00fcgige Spende!\u201c Zum Beginn des Aktionszeitraums konnte jeder IMO-Stadtradler ein passendes Rad-Trikot erhalten und zum Abschluss gab es praktische Microfaser-Sporthandt\u00fccher als Dankesch\u00f6n.\t\t\t\t\t\t\t\t<\/div>\n\t\t\t\t<\/div>\n\t\t\t\t\t<\/div>\n\t\t<\/div>\n\t\t\t\t<div class=\"elementor-column elementor-col-50 elementor-top-column elementor-element elementor-element-49d21773\" data-id=\"49d21773\" data-element_type=\"column\" data-e-type=\"column\" data-settings=\"{&quot;background_background&quot;:&quot;classic&quot;}\">\n\t\t\t<div class=\"elementor-widget-wrap elementor-element-populated\">\n\t\t\t\t\t\t<div class=\"elementor-element elementor-element-4a38190b elementor-widget elementor-widget-text-editor\" data-id=\"4a38190b\" data-element_type=\"widget\" data-e-type=\"widget\" data-widget_type=\"text-editor.default\">\n\t\t\t\t<div class=\"elementor-widget-container\">\n\t\t\t\t\t\t\t\t\t<p><strong style=\"letter-spacing: 0.1px;\">Teilen:<\/strong><\/p>\n\t\t\t\t\t\t\t\t<\/div>\n\t\t\t\t<\/div>\n\t\t\t\t<div class=\"elementor-element elementor-element-6a9f534c elementor-share-buttons--view-icon elementor-share-buttons--skin-flat elementor-share-buttons--shape-circle elementor-share-buttons--color-custom elementor-grid-0 elementor-widget elementor-widget-global elementor-global-3902 elementor-widget-share-buttons\" data-id=\"6a9f534c\" data-element_type=\"widget\" data-e-type=\"widget\" data-widget_type=\"share-buttons.default\">\n\t\t\t\t<div class=\"elementor-widget-container\">\n\t\t\t\t\t\t\t<div class=\"elementor-grid\" role=\"list\">\n\t\t\t\t\t\t\t\t<div class=\"elementor-grid-item\" role=\"listitem\">\n\t\t\t\t\t\t<div class=\"elementor-share-btn elementor-share-btn_facebook\" role=\"button\" tabindex=\"0\" aria-label=\"Share on facebook\">\n\t\t\t\t\t\t\t\t\t\t\t\t\t\t\t<span class=\"elementor-share-btn__icon\">\n\t\t\t\t\t\t\t\t<i class=\"fab fa-facebook\" aria-hidden=\"true\"><\/i>\t\t\t\t\t\t\t<\/span>\n\t\t\t\t\t\t\t\t\t\t\t\t\t\t\t\t\t\t\t\t<\/div>\n\t\t\t\t\t<\/div>\n\t\t\t\t\t\t\t\t\t<div class=\"elementor-grid-item\" role=\"listitem\">\n\t\t\t\t\t\t<div class=\"elementor-share-btn elementor-share-btn_linkedin\" role=\"button\" tabindex=\"0\" aria-label=\"Share on linkedin\">\n\t\t\t\t\t\t\t\t\t\t\t\t\t\t\t<span class=\"elementor-share-btn__icon\">\n\t\t\t\t\t\t\t\t<i class=\"fab fa-linkedin\" aria-hidden=\"true\"><\/i>\t\t\t\t\t\t\t<\/span>\n\t\t\t\t\t\t\t\t\t\t\t\t\t\t\t\t\t\t\t\t<\/div>\n\t\t\t\t\t<\/div>\n\t\t\t\t\t\t\t\t\t<div class=\"elementor-grid-item\" role=\"listitem\">\n\t\t\t\t\t\t<div class=\"elementor-share-btn elementor-share-btn_xing\" role=\"button\" tabindex=\"0\" aria-label=\"Share on xing\">\n\t\t\t\t\t\t\t\t\t\t\t\t\t\t\t<span class=\"elementor-share-btn__icon\">\n\t\t\t\t\t\t\t\t<i class=\"fab fa-xing\" aria-hidden=\"true\"><\/i>\t\t\t\t\t\t\t<\/span>\n\t\t\t\t\t\t\t\t\t\t\t\t\t\t\t\t\t\t\t\t<\/div>\n\t\t\t\t\t<\/div>\n\t\t\t\t\t\t<\/div>\n\t\t\t\t\t\t<\/div>\n\t\t\t\t<\/div>\n\t\t\t\t\t<\/div>\n\t\t<\/div>\n\t\t\t\t\t<\/div>\n\t\t<\/section>\n\t\t\t\t<section data-particle_enable=\"false\" data-particle-mobile-disabled=\"false\" class=\"elementor-section elementor-top-section elementor-element elementor-element-1af8ff elementor-section-boxed elementor-section-height-default elementor-section-height-default\" data-id=\"1af8ff\" data-element_type=\"section\" data-e-type=\"section\">\n\t\t\t\t\t\t<div class=\"elementor-container elementor-column-gap-no\">\n\t\t\t\t\t<div class=\"elementor-column elementor-col-100 elementor-top-column elementor-element elementor-element-6eb1d68e\" data-id=\"6eb1d68e\" data-element_type=\"column\" data-e-type=\"column\">\n\t\t\t<div class=\"elementor-widget-wrap elementor-element-populated\">\n\t\t\t\t\t\t<div class=\"elementor-element elementor-element-6ee614eb elementor-align-left elementor-widget__width-auto elementor-fixed elementor-hidden-phone elementor-widget elementor-widget-global elementor-global-5729 elementor-global-3472 elementor-widget-button\" data-id=\"6ee614eb\" data-element_type=\"widget\" data-e-type=\"widget\" data-settings=\"{&quot;_position&quot;:&quot;fixed&quot;}\" data-widget_type=\"button.default\">\n\t\t\t\t<div class=\"elementor-widget-container\">\n\t\t\t\t\t\t\t\t\t<div class=\"elementor-button-wrapper\">\n\t\t\t\t\t<a class=\"elementor-button elementor-button-link elementor-size-xs\" href=\"#elementor-action%3Aaction%3Dpopup%3Aopen%26settings%3DeyJpZCI6NTY2OCwidG9nZ2xlIjpmYWxzZX0%3D\">\n\t\t\t\t\t\t<span class=\"elementor-button-content-wrapper\">\n\t\t\t\t\t\t<span class=\"elementor-button-icon\">\n\t\t\t\t<i aria-hidden=\"true\" class=\"fas fa-mail-bulk\"><\/i>\t\t\t<\/span>\n\t\t\t\t\t\t\t\t<\/span>\n\t\t\t\t\t<\/a>\n\t\t\t\t<\/div>\n\t\t\t\t\t\t\t\t<\/div>\n\t\t\t\t<\/div>\n\t\t\t\t<div class=\"elementor-element elementor-element-199a0f31 elementor-view-stacked elementor-shape-square elementor-widget__width-initial elementor-fixed elementor-widget elementor-widget-global elementor-global-3759 elementor-widget-icon\" data-id=\"199a0f31\" data-element_type=\"widget\" data-e-type=\"widget\" data-settings=\"{&quot;motion_fx_motion_fx_scrolling&quot;:&quot;yes&quot;,&quot;motion_fx_opacity_effect&quot;:&quot;yes&quot;,&quot;motion_fx_opacity_range&quot;:{&quot;unit&quot;:&quot;%&quot;,&quot;size&quot;:&quot;&quot;,&quot;sizes&quot;:{&quot;start&quot;:15,&quot;end&quot;:20}},&quot;motion_fx_range&quot;:&quot;page&quot;,&quot;_animation&quot;:&quot;none&quot;,&quot;_position&quot;:&quot;fixed&quot;,&quot;motion_fx_opacity_direction&quot;:&quot;out-in&quot;,&quot;motion_fx_opacity_level&quot;:{&quot;unit&quot;:&quot;px&quot;,&quot;size&quot;:10,&quot;sizes&quot;:[]},&quot;motion_fx_devices&quot;:[&quot;desktop&quot;,&quot;tablet&quot;,&quot;mobile&quot;]}\" data-widget_type=\"icon.default\">\n\t\t\t\t<div class=\"elementor-widget-container\">\n\t\t\t\t\t\t\t<div class=\"elementor-icon-wrapper\">\n\t\t\t<a class=\"elementor-icon elementor-animation-grow\" href=\"#top\">\n\t\t\t<i aria-hidden=\"true\" class=\"fas fa-angle-double-up\"><\/i>\t\t\t<\/a>\n\t\t<\/div>\n\t\t\t\t\t\t<\/div>\n\t\t\t\t<\/div>\n\t\t\t\t\t<\/div>\n\t\t<\/div>\n\t\t\t\t\t<\/div>\n\t\t<\/section>\n\t\t\t\t<section data-particle_enable=\"false\" data-particle-mobile-disabled=\"false\" class=\"elementor-section elementor-top-section elementor-element elementor-element-25e90b7b elementor-section-boxed elementor-section-height-default elementor-section-height-default\" data-id=\"25e90b7b\" data-element_type=\"section\" data-e-type=\"section\">\n\t\t\t\t\t\t<div class=\"elementor-container elementor-column-gap-no\">\n\t\t\t\t\t<div class=\"elementor-column elementor-col-100 elementor-top-column elementor-element elementor-element-673da02c\" data-id=\"673da02c\" data-element_type=\"column\" data-e-type=\"column\" data-settings=\"{&quot;background_background&quot;:&quot;classic&quot;}\">\n\t\t\t<div class=\"elementor-widget-wrap elementor-element-populated\">\n\t\t\t\t\t\t<div class=\"elementor-element elementor-element-2654ef2b balken-headline-schwarz zentriert elementor-widget elementor-widget-heading\" data-id=\"2654ef2b\" data-element_type=\"widget\" data-e-type=\"widget\" data-widget_type=\"heading.default\">\n\t\t\t\t<div class=\"elementor-widget-container\">\n\t\t\t\t\t<h3 class=\"elementor-heading-title elementor-size-default\">Aktuelles<\/h3>\t\t\t\t<\/div>\n\t\t\t\t<\/div>\n\t\t\t\t<div class=\"elementor-element elementor-element-464fe81d balken-headline-rot zentriert elementor-widget elementor-widget-heading\" data-id=\"464fe81d\" data-element_type=\"widget\" data-e-type=\"widget\" data-widget_type=\"heading.default\">\n\t\t\t\t<div class=\"elementor-widget-container\">\n\t\t\t\t\t<h2 class=\"elementor-heading-title elementor-size-default\">Das k\u00f6nnte Sie auch<\/h2>\t\t\t\t<\/div>\n\t\t\t\t<\/div>\n\t\t\t\t<div class=\"elementor-element elementor-element-531c3f01 balken-headline-rot zentriert elementor-widget elementor-widget-heading\" data-id=\"531c3f01\" data-element_type=\"widget\" data-e-type=\"widget\" data-widget_type=\"heading.default\">\n\t\t\t\t<div class=\"elementor-widget-container\">\n\t\t\t\t\t<h2 class=\"elementor-heading-title elementor-size-default\">interessieren<\/h2>\t\t\t\t<\/div>\n\t\t\t\t<\/div>\n\t\t\t\t\t<\/div>\n\t\t<\/div>\n\t\t\t\t\t<\/div>\n\t\t<\/section>\n\t\t\t\t<section data-particle_enable=\"false\" data-particle-mobile-disabled=\"false\" class=\"elementor-section elementor-top-section elementor-element elementor-element-22005b9f elementor-section-boxed elementor-section-height-default elementor-section-height-default\" data-id=\"22005b9f\" data-element_type=\"section\" data-e-type=\"section\">\n\t\t\t\t\t\t<div class=\"elementor-container elementor-column-gap-no\">\n\t\t\t\t\t<div class=\"elementor-column elementor-col-100 elementor-top-column elementor-element elementor-element-65d3e27e\" data-id=\"65d3e27e\" data-element_type=\"column\" data-e-type=\"column\">\n\t\t\t<div class=\"elementor-widget-wrap elementor-element-populated\">\n\t\t\t\t\t\t<div class=\"elementor-element elementor-element-44fdeeef elementor-grid-tablet-1 elementor-grid-3 elementor-grid-mobile-1 elementor-posts--thumbnail-top elementor-card-shadow-yes elementor-posts__hover-gradient elementor-widget elementor-widget-posts\" data-id=\"44fdeeef\" data-element_type=\"widget\" data-e-type=\"widget\" data-settings=\"{&quot;cards_columns_tablet&quot;:&quot;1&quot;,&quot;cards_columns&quot;:&quot;3&quot;,&quot;cards_columns_mobile&quot;:&quot;1&quot;,&quot;cards_row_gap&quot;:{&quot;unit&quot;:&quot;px&quot;,&quot;size&quot;:35,&quot;sizes&quot;:[]},&quot;cards_row_gap_tablet&quot;:{&quot;unit&quot;:&quot;px&quot;,&quot;size&quot;:&quot;&quot;,&quot;sizes&quot;:[]},&quot;cards_row_gap_mobile&quot;:{&quot;unit&quot;:&quot;px&quot;,&quot;size&quot;:&quot;&quot;,&quot;sizes&quot;:[]}}\" data-widget_type=\"posts.cards\">\n\t\t\t\t<div class=\"elementor-widget-container\">\n\t\t\t\t\t\t\t<div class=\"elementor-posts-container elementor-posts elementor-posts--skin-cards elementor-grid\" role=\"list\">\n\t\t\t\t<article class=\"elementor-post elementor-grid-item post-20610 post type-post status-publish format-standard has-post-thumbnail hentry category-news-en tag-heynlinschule-en tag-imo-en tag-oekomobil-en entry\" role=\"listitem\">\n\t\t\t<div class=\"elementor-post__card\">\n\t\t\t\t<a class=\"elementor-post__thumbnail__link\" href=\"https:\/\/www.imo-gmbh.com\/en\/the-oekomobil-at-the-kaempfelbach\/\" tabindex=\"-1\" ><div class=\"elementor-post__thumbnail\"><img fetchpriority=\"high\" decoding=\"async\" width=\"640\" height=\"480\" src=\"https:\/\/www.imo-gmbh.com\/wp-content\/uploads\/2026\/07\/Oekomobil_Beitragsbild_800x600-768x576.jpg\" class=\"attachment-medium_large size-medium_large wp-image-20600\" alt=\"\u00d6komobil bei IMO\" srcset=\"https:\/\/www.imo-gmbh.com\/wp-content\/uploads\/2026\/07\/Oekomobil_Beitragsbild_800x600-768x576.jpg 768w, https:\/\/www.imo-gmbh.com\/wp-content\/uploads\/2026\/07\/Oekomobil_Beitragsbild_800x600-300x225.jpg 300w, https:\/\/www.imo-gmbh.com\/wp-content\/uploads\/2026\/07\/Oekomobil_Beitragsbild_800x600.jpg 800w\" sizes=\"(max-width: 34.9rem) calc(100vw - 2rem), (max-width: 53rem) calc(8 * (100vw \/ 12)), (min-width: 53rem) calc(6 * (100vw \/ 12)), 100vw\" \/><\/div><\/a>\n\t\t\t\t<div class=\"elementor-post__badge\">News<\/div>\n\t\t\t\t<div class=\"elementor-post__text\">\n\t\t\t\t<h3 class=\"elementor-post__title\">\n\t\t\t<a href=\"https:\/\/www.imo-gmbh.com\/en\/the-oekomobil-at-the-kaempfelbach\/\" >\n\t\t\t\tThe \u00d6komobil at the K\u00e4mpfelbach\t\t\t<\/a>\n\t\t<\/h3>\n\t\t\t\t<div class=\"elementor-post__excerpt\">\n\t\t\t<p>When a group of pupils, kitted out in wellies and armed with landing nets, are out and about in the K\u00e4mpfelbach in the Allmendwiesen, it means the \u00d6komobil is visiting IMO once again. Pupils from the Heynlin School had the opportunity to explore the \u2018stream\u2019 habitat under the guidance of biologist Juliane Zimmermann. <\/p>\n\t\t<\/div>\n\t\t\n\t\t<a class=\"elementor-post__read-more\" href=\"https:\/\/www.imo-gmbh.com\/en\/the-oekomobil-at-the-kaempfelbach\/\" aria-label=\"Read more about The \u00d6komobil at the K\u00e4mpfelbach\" tabindex=\"-1\" >\n\t\t\tRead More \u00bb\t\t<\/a>\n\n\t\t\t\t<\/div>\n\t\t\t\t<div class=\"elementor-post__meta-data\">\n\t\t\t\t\t<span class=\"elementor-post-date\">\n\t\t\t3. July 2026\t\t<\/span>\n\t\t\t\t<\/div>\n\t\t\t\t\t<\/div>\n\t\t<\/article>\n\t\t\t\t<article class=\"elementor-post elementor-grid-item post-20578 post type-post status-publish format-standard has-post-thumbnail hentry category-news-en tag-girls-day-en tag-girls-day-2026 tag-girls-day-at-imo tag-imo-en tag-surface-technology entry\" role=\"listitem\">\n\t\t\t<div class=\"elementor-post__card\">\n\t\t\t\t<a class=\"elementor-post__thumbnail__link\" href=\"https:\/\/www.imo-gmbh.com\/en\/that-was-2026-stanztec\/\" tabindex=\"-1\" ><div class=\"elementor-post__thumbnail\"><img decoding=\"async\" width=\"640\" height=\"480\" src=\"https:\/\/www.imo-gmbh.com\/wp-content\/uploads\/2026\/06\/Rueckblick_Stanztec_Beitrag-768x576.jpg\" class=\"attachment-medium_large size-medium_large wp-image-20569\" alt=\"R\u00fcckblick Stanztec in Pforzheim\nBranchentreff f\u00fcr die Stanztechnik\" srcset=\"https:\/\/www.imo-gmbh.com\/wp-content\/uploads\/2026\/06\/Rueckblick_Stanztec_Beitrag-768x576.jpg 768w, https:\/\/www.imo-gmbh.com\/wp-content\/uploads\/2026\/06\/Rueckblick_Stanztec_Beitrag-300x225.jpg 300w, https:\/\/www.imo-gmbh.com\/wp-content\/uploads\/2026\/06\/Rueckblick_Stanztec_Beitrag.jpg 800w\" sizes=\"(max-width: 34.9rem) calc(100vw - 2rem), (max-width: 53rem) calc(8 * (100vw \/ 12)), (min-width: 53rem) calc(6 * (100vw \/ 12)), 100vw\" \/><\/div><\/a>\n\t\t\t\t<div class=\"elementor-post__badge\">News<\/div>\n\t\t\t\t<div class=\"elementor-post__text\">\n\t\t\t\t<h3 class=\"elementor-post__title\">\n\t\t\t<a href=\"https:\/\/www.imo-gmbh.com\/en\/that-was-2026-stanztec\/\" >\n\t\t\t\tReview: Stanztec 2026\t\t\t<\/a>\n\t\t<\/h3>\n\t\t\t\t<div class=\"elementor-post__excerpt\">\n\t\t\t<p>In mid-June, the stamping industry gathered in Pforzheim for the eighth time. More than 130 exhibitors showcased their products, solutions and services across an area of around 4,000 m\u00b2. At the IMO stand, we used the three days of the trade fair to engage in in-depth and personal discussions with our customers. <\/p>\n\t\t<\/div>\n\t\t\n\t\t<a class=\"elementor-post__read-more\" href=\"https:\/\/www.imo-gmbh.com\/en\/that-was-2026-stanztec\/\" aria-label=\"Read more about Review: Stanztec 2026\" tabindex=\"-1\" >\n\t\t\tRead More \u00bb\t\t<\/a>\n\n\t\t\t\t<\/div>\n\t\t\t\t<div class=\"elementor-post__meta-data\">\n\t\t\t\t\t<span class=\"elementor-post-date\">\n\t\t\t23. June 2026\t\t<\/span>\n\t\t\t\t<\/div>\n\t\t\t\t\t<\/div>\n\t\t<\/article>\n\t\t\t\t<article class=\"elementor-post elementor-grid-item post-20482 post type-post status-publish format-standard has-post-thumbnail hentry category-news-en tag-girls-day-en tag-girls-day-2026 tag-girls-day-at-imo tag-imo-en tag-surface-technology entry\" role=\"listitem\">\n\t\t\t<div class=\"elementor-post__card\">\n\t\t\t\t<a class=\"elementor-post__thumbnail__link\" href=\"https:\/\/www.imo-gmbh.com\/en\/review-girls-day-2026\/\" tabindex=\"-1\" ><div class=\"elementor-post__thumbnail\"><img decoding=\"async\" width=\"640\" height=\"480\" src=\"https:\/\/www.imo-gmbh.com\/wp-content\/uploads\/2026\/04\/GirlsDay2026_Beitragsbild_800x600-768x576.jpg\" class=\"attachment-medium_large size-medium_large wp-image-20473\" alt=\"Girls\u2019 Day 2026 bei Firma IMO \u2013 Gl\u00e4nzende Einblicke in die Oberfl\u00e4chenbeschichtung\" srcset=\"https:\/\/www.imo-gmbh.com\/wp-content\/uploads\/2026\/04\/GirlsDay2026_Beitragsbild_800x600-768x576.jpg 768w, https:\/\/www.imo-gmbh.com\/wp-content\/uploads\/2026\/04\/GirlsDay2026_Beitragsbild_800x600-300x225.jpg 300w, https:\/\/www.imo-gmbh.com\/wp-content\/uploads\/2026\/04\/GirlsDay2026_Beitragsbild_800x600.jpg 800w\" sizes=\"(max-width: 34.9rem) calc(100vw - 2rem), (max-width: 53rem) calc(8 * (100vw \/ 12)), (min-width: 53rem) calc(6 * (100vw \/ 12)), 100vw\" \/><\/div><\/a>\n\t\t\t\t<div class=\"elementor-post__badge\">News<\/div>\n\t\t\t\t<div class=\"elementor-post__text\">\n\t\t\t\t<h3 class=\"elementor-post__title\">\n\t\t\t<a href=\"https:\/\/www.imo-gmbh.com\/en\/review-girls-day-2026\/\" >\n\t\t\t\tReview: Girls&#8217; Day 2026\t\t\t<\/a>\n\t\t<\/h3>\n\t\t\t\t<div class=\"elementor-post__excerpt\">\n\t\t\t<p>On the nationwide Girls\u2019 Day 2026, we at IMO also opened our doors to interested female students and gave them the opportunity to get an up-close look at our company and the world of work \u2014 in our case, the profession of surface coater. <\/p>\n\t\t<\/div>\n\t\t\n\t\t<a class=\"elementor-post__read-more\" href=\"https:\/\/www.imo-gmbh.com\/en\/review-girls-day-2026\/\" aria-label=\"Read more about Review: Girls&#8217; Day 2026\" tabindex=\"-1\" >\n\t\t\tRead More \u00bb\t\t<\/a>\n\n\t\t\t\t<\/div>\n\t\t\t\t<div class=\"elementor-post__meta-data\">\n\t\t\t\t\t<span class=\"elementor-post-date\">\n\t\t\t28. April 2026\t\t<\/span>\n\t\t\t\t<\/div>\n\t\t\t\t\t<\/div>\n\t\t<\/article>\n\t\t\t\t<\/div>\n\t\t\n\t\t\t\t\t\t<\/div>\n\t\t\t\t<\/div>\n\t\t\t\t\t<\/div>\n\t\t<\/div>\n\t\t\t\t\t<\/div>\n\t\t<\/section>\n\t\t\t\t<section data-particle_enable=\"false\" data-particle-mobile-disabled=\"false\" class=\"elementor-section elementor-top-section elementor-element elementor-element-1e9210c8 kontakt kontakt-teaser elementor-section-boxed elementor-section-height-default elementor-section-height-default\" data-id=\"1e9210c8\" data-element_type=\"section\" data-e-type=\"section\" data-settings=\"{&quot;background_background&quot;:&quot;classic&quot;}\">\n\t\t\t\t\t\t<div class=\"elementor-container elementor-column-gap-no\">\n\t\t\t\t\t<div class=\"elementor-column elementor-col-50 elementor-top-column elementor-element elementor-element-a2d4d27\" data-id=\"a2d4d27\" data-element_type=\"column\" data-e-type=\"column\">\n\t\t\t<div class=\"elementor-widget-wrap elementor-element-populated\">\n\t\t\t\t\t\t<div class=\"elementor-element elementor-element-43be54ca elementor-widget elementor-widget-image\" data-id=\"43be54ca\" data-element_type=\"widget\" data-e-type=\"widget\" data-widget_type=\"image.default\">\n\t\t\t\t<div class=\"elementor-widget-container\">\n\t\t\t\t\t\t\t\t\t\t\t\t\t\t\t<img loading=\"lazy\" decoding=\"async\" width=\"900\" height=\"900\" src=\"https:\/\/www.imo-gmbh.com\/wp-content\/uploads\/2019\/10\/imo-startseite-kontakt-bischoff.png\" class=\"attachment-full size-full wp-image-5291\" alt=\"\" srcset=\"https:\/\/www.imo-gmbh.com\/wp-content\/uploads\/2019\/10\/imo-startseite-kontakt-bischoff.png 900w, https:\/\/www.imo-gmbh.com\/wp-content\/uploads\/2019\/10\/imo-startseite-kontakt-bischoff-150x150.png 150w, https:\/\/www.imo-gmbh.com\/wp-content\/uploads\/2019\/10\/imo-startseite-kontakt-bischoff-300x300.png 300w, https:\/\/www.imo-gmbh.com\/wp-content\/uploads\/2019\/10\/imo-startseite-kontakt-bischoff-768x768.png 768w\" sizes=\"(max-width: 900px) 100vw, 900px\" \/>\t\t\t\t\t\t\t\t\t\t\t\t\t\t\t<\/div>\n\t\t\t\t<\/div>\n\t\t\t\t\t<\/div>\n\t\t<\/div>\n\t\t\t\t<div class=\"elementor-column elementor-col-50 elementor-top-column elementor-element elementor-element-6cc99726 background-white-mobile mobil-order-1\" data-id=\"6cc99726\" data-element_type=\"column\" data-e-type=\"column\">\n\t\t\t<div class=\"elementor-widget-wrap elementor-element-populated\">\n\t\t\t\t\t\t<div class=\"elementor-element elementor-element-4cd2bde4 elementor-widget elementor-widget-heading\" data-id=\"4cd2bde4\" data-element_type=\"widget\" data-e-type=\"widget\" data-widget_type=\"heading.default\">\n\t\t\t\t<div class=\"elementor-widget-container\">\n\t\t\t\t\t<h5 class=\"elementor-heading-title elementor-size-default\">CONTACT<\/h5>\t\t\t\t<\/div>\n\t\t\t\t<\/div>\n\t\t\t\t<div class=\"elementor-element elementor-element-3a4be3ef elementor-widget elementor-widget-heading\" data-id=\"3a4be3ef\" data-element_type=\"widget\" data-e-type=\"widget\" data-widget_type=\"heading.default\">\n\t\t\t\t<div class=\"elementor-widget-container\">\n\t\t\t\t\t<h4 class=\"elementor-heading-title elementor-size-default\">IMO always here to help<\/h4>\t\t\t\t<\/div>\n\t\t\t\t<\/div>\n\t\t\t\t<div class=\"elementor-element elementor-element-7fd96171 padding-right-text elementor-widget elementor-widget-text-editor\" data-id=\"7fd96171\" data-element_type=\"widget\" data-e-type=\"widget\" data-widget_type=\"text-editor.default\">\n\t\t\t\t<div class=\"elementor-widget-container\">\n\t\t\t\t\t\t\t\t\t<p>Sie haben Fragen zu unserem Unternehmen oder w\u00fcnschen eine individuelle Beratung? Ob per E-Mail, Telefon oder unser Kontaktformular \u2013 wir helfen Ihnen gerne weiter.<\/p>\n\t\t\t\t\t\t\t\t<\/div>\n\t\t\t\t<\/div>\n\t\t\t\t<div class=\"elementor-element elementor-element-4aa7b643 elementor-align-left elementor-tablet-align-center elementor-widget elementor-widget-button\" data-id=\"4aa7b643\" data-element_type=\"widget\" data-e-type=\"widget\" data-widget_type=\"button.default\">\n\t\t\t\t<div class=\"elementor-widget-container\">\n\t\t\t\t\t\t\t\t\t<div class=\"elementor-button-wrapper\">\n\t\t\t\t\t<a class=\"elementor-button elementor-button-link elementor-size-sm\" href=\"https:\/\/www.imo-gmbh.com\/en\/contact\/\">\n\t\t\t\t\t\t<span class=\"elementor-button-content-wrapper\">\n\t\t\t\t\t\t\t\t\t<span class=\"elementor-button-text\">CONTACT US NOW<\/span>\n\t\t\t\t\t<\/span>\n\t\t\t\t\t<\/a>\n\t\t\t\t<\/div>\n\t\t\t\t\t\t\t\t<\/div>\n\t\t\t\t<\/div>\n\t\t\t\t\t<\/div>\n\t\t<\/div>\n\t\t\t\t\t<\/div>\n\t\t<\/section>\n\t\t\t\t<\/div>\n\t\t","protected":false},"excerpt":{"rendered":"<p>Bereits zum vierten Mal in Folge nahm das IMO-Team in diesem Jahr beim Stadtradeln teil. \u201eWie angek\u00fcndigt spenden wir abh\u00e4ngig von der Menge der gefahrenen Kilometer eine Summe f\u00fcr den guten Zweck\u201c, erkl\u00e4ren Kay und Armin M\u00fcller, die S\u00f6hne von IMO-Gesch\u00e4ftsf\u00fchrer Bernd M\u00fcller \u201eF\u00fcr die gefahrenen Kilometer verteilen wir \u20ac 3.000,- an zwei soziale Einrichtungen.\u201c <\/p>\n","protected":false},"author":15,"featured_media":18300,"comment_status":"closed","ping_status":"closed","sticky":false,"template":"elementor_header_footer","format":"standard","meta":{"footnotes":""},"categories":[59],"tags":[552,45,551,94,358],"class_list":["post-18314","post","type-post","status-publish","format-standard","has-post-thumbnail","hentry","category-events","tag-familienherberge-en","tag-imo-en","tag-palliativ-netz-en","tag-spende-en","tag-stadtradeln-en","entry"],"yoast_head":"<!-- This site is optimized with the Yoast SEO plugin v28.3 - https:\/\/yoast.com\/product\/yoast-seo-wordpress\/ -->\n<title>\u20ac 3.000,- f\u00fcr den guten Zweck - IMO Oberfl\u00e4chentechnik GmbH<\/title>\n<meta name=\"robots\" content=\"index, follow, max-snippet:-1, max-image-preview:large, max-video-preview:-1\" \/>\n<link rel=\"canonical\" href=\"https:\/\/www.imo-gmbh.com\/en\/e-3-000-fuer-den-guten-zweck\/\" \/>\n<meta property=\"og:locale\" content=\"en_US\" \/>\n<meta property=\"og:type\" content=\"article\" \/>\n<meta property=\"og:title\" content=\"\u20ac 3.000,- f\u00fcr den guten Zweck - IMO Oberfl\u00e4chentechnik GmbH\" \/>\n<meta property=\"og:description\" content=\"Bereits zum vierten Mal in Folge nahm das IMO-Team in diesem Jahr beim Stadtradeln teil. \u201eWie angek\u00fcndigt spenden wir abh\u00e4ngig von der Menge der gefahrenen Kilometer eine Summe f\u00fcr den guten Zweck\u201c, erkl\u00e4ren Kay und Armin M\u00fcller, die S\u00f6hne von IMO-Gesch\u00e4ftsf\u00fchrer Bernd M\u00fcller \u201eF\u00fcr die gefahrenen Kilometer verteilen wir \u20ac 3.000,- an zwei soziale Einrichtungen.\u201c\" \/>\n<meta property=\"og:url\" content=\"https:\/\/www.imo-gmbh.com\/en\/e-3-000-fuer-den-guten-zweck\/\" \/>\n<meta property=\"og:site_name\" content=\"IMO Oberfl\u00e4chentechnik GmbH\" \/>\n<meta property=\"article:published_time\" content=\"2024-08-12T07:11:12+00:00\" \/>\n<meta property=\"article:modified_time\" content=\"2024-08-12T07:11:15+00:00\" \/>\n<meta property=\"og:image\" content=\"https:\/\/www.imo-gmbh.com\/wp-content\/uploads\/2024\/08\/Beitragsbild_IMO-Stadtradeln_Spende_2024_800x600.jpg\" \/>\n\t<meta property=\"og:image:width\" content=\"800\" \/>\n\t<meta property=\"og:image:height\" content=\"600\" \/>\n\t<meta property=\"og:image:type\" content=\"image\/jpeg\" \/>\n<meta name=\"author\" content=\"Iris Mittelst\u00e4dt\" \/>\n<meta name=\"twitter:card\" content=\"summary_large_image\" \/>\n<meta name=\"twitter:label1\" content=\"Written by\" \/>\n\t<meta name=\"twitter:data1\" content=\"Iris Mittelst\u00e4dt\" \/>\n\t<meta name=\"twitter:label2\" content=\"Est. reading time\" \/>\n\t<meta name=\"twitter:data2\" content=\"3 minutes\" \/>\n<script type=\"application\/ld+json\" class=\"yoast-schema-graph\">{\"@context\":\"https:\\\/\\\/schema.org\",\"@graph\":[{\"@type\":\"Article\",\"@id\":\"https:\\\/\\\/www.imo-gmbh.com\\\/en\\\/e-3-000-fuer-den-guten-zweck\\\/#article\",\"isPartOf\":{\"@id\":\"https:\\\/\\\/www.imo-gmbh.com\\\/en\\\/e-3-000-fuer-den-guten-zweck\\\/\"},\"author\":{\"name\":\"Iris Mittelst\u00e4dt\",\"@id\":\"https:\\\/\\\/www.imo-gmbh.com\\\/en\\\/#\\\/schema\\\/person\\\/87c3ed1541f4fb28f213f4373819396d\"},\"headline\":\"\u20ac 3.000,- f\u00fcr den guten Zweck\",\"datePublished\":\"2024-08-12T07:11:12+00:00\",\"dateModified\":\"2024-08-12T07:11:15+00:00\",\"mainEntityOfPage\":{\"@id\":\"https:\\\/\\\/www.imo-gmbh.com\\\/en\\\/e-3-000-fuer-den-guten-zweck\\\/\"},\"wordCount\":523,\"publisher\":{\"@id\":\"https:\\\/\\\/www.imo-gmbh.com\\\/en\\\/#organization\"},\"image\":{\"@id\":\"https:\\\/\\\/www.imo-gmbh.com\\\/en\\\/e-3-000-fuer-den-guten-zweck\\\/#primaryimage\"},\"thumbnailUrl\":\"https:\\\/\\\/www.imo-gmbh.com\\\/wp-content\\\/uploads\\\/2024\\\/08\\\/Beitragsbild_IMO-Stadtradeln_Spende_2024_800x600.jpg\",\"keywords\":[\"familienherberge\",\"IMO\",\"palliativ netz\",\"Spende\",\"Stadtradeln\"],\"articleSection\":[\"Events\"],\"inLanguage\":\"en-US\"},{\"@type\":\"WebPage\",\"@id\":\"https:\\\/\\\/www.imo-gmbh.com\\\/en\\\/e-3-000-fuer-den-guten-zweck\\\/\",\"url\":\"https:\\\/\\\/www.imo-gmbh.com\\\/en\\\/e-3-000-fuer-den-guten-zweck\\\/\",\"name\":\"\u20ac 3.000,- f\u00fcr den guten Zweck - IMO Oberfl\u00e4chentechnik GmbH\",\"isPartOf\":{\"@id\":\"https:\\\/\\\/www.imo-gmbh.com\\\/en\\\/#website\"},\"primaryImageOfPage\":{\"@id\":\"https:\\\/\\\/www.imo-gmbh.com\\\/en\\\/e-3-000-fuer-den-guten-zweck\\\/#primaryimage\"},\"image\":{\"@id\":\"https:\\\/\\\/www.imo-gmbh.com\\\/en\\\/e-3-000-fuer-den-guten-zweck\\\/#primaryimage\"},\"thumbnailUrl\":\"https:\\\/\\\/www.imo-gmbh.com\\\/wp-content\\\/uploads\\\/2024\\\/08\\\/Beitragsbild_IMO-Stadtradeln_Spende_2024_800x600.jpg\",\"datePublished\":\"2024-08-12T07:11:12+00:00\",\"dateModified\":\"2024-08-12T07:11:15+00:00\",\"breadcrumb\":{\"@id\":\"https:\\\/\\\/www.imo-gmbh.com\\\/en\\\/e-3-000-fuer-den-guten-zweck\\\/#breadcrumb\"},\"inLanguage\":\"en-US\",\"potentialAction\":[{\"@type\":\"ReadAction\",\"target\":[\"https:\\\/\\\/www.imo-gmbh.com\\\/en\\\/e-3-000-fuer-den-guten-zweck\\\/\"]}]},{\"@type\":\"ImageObject\",\"inLanguage\":\"en-US\",\"@id\":\"https:\\\/\\\/www.imo-gmbh.com\\\/en\\\/e-3-000-fuer-den-guten-zweck\\\/#primaryimage\",\"url\":\"https:\\\/\\\/www.imo-gmbh.com\\\/wp-content\\\/uploads\\\/2024\\\/08\\\/Beitragsbild_IMO-Stadtradeln_Spende_2024_800x600.jpg\",\"contentUrl\":\"https:\\\/\\\/www.imo-gmbh.com\\\/wp-content\\\/uploads\\\/2024\\\/08\\\/Beitragsbild_IMO-Stadtradeln_Spende_2024_800x600.jpg\",\"width\":800,\"height\":600,\"caption\":\"Stadtradeln 2024\"},{\"@type\":\"BreadcrumbList\",\"@id\":\"https:\\\/\\\/www.imo-gmbh.com\\\/en\\\/e-3-000-fuer-den-guten-zweck\\\/#breadcrumb\",\"itemListElement\":[{\"@type\":\"ListItem\",\"position\":1,\"name\":\"Startseite\",\"item\":\"https:\\\/\\\/www.imo-gmbh.com\\\/en\\\/\"},{\"@type\":\"ListItem\",\"position\":2,\"name\":\"\u20ac 3.000,- f\u00fcr den guten Zweck\"}]},{\"@type\":\"WebSite\",\"@id\":\"https:\\\/\\\/www.imo-gmbh.com\\\/en\\\/#website\",\"url\":\"https:\\\/\\\/www.imo-gmbh.com\\\/en\\\/\",\"name\":\"IMO Oberfl\u00e4chentechnik GmbH\",\"description\":\"Eine weitere WordPress-Website\",\"publisher\":{\"@id\":\"https:\\\/\\\/www.imo-gmbh.com\\\/en\\\/#organization\"},\"potentialAction\":[{\"@type\":\"SearchAction\",\"target\":{\"@type\":\"EntryPoint\",\"urlTemplate\":\"https:\\\/\\\/www.imo-gmbh.com\\\/en\\\/?s={search_term_string}\"},\"query-input\":{\"@type\":\"PropertyValueSpecification\",\"valueRequired\":true,\"valueName\":\"search_term_string\"}}],\"inLanguage\":\"en-US\"},{\"@type\":\"Organization\",\"@id\":\"https:\\\/\\\/www.imo-gmbh.com\\\/en\\\/#organization\",\"name\":\"IMO Oberfl\u00e4chentechnik GmbH\",\"url\":\"https:\\\/\\\/www.imo-gmbh.com\\\/en\\\/\",\"logo\":{\"@type\":\"ImageObject\",\"inLanguage\":\"en-US\",\"@id\":\"https:\\\/\\\/www.imo-gmbh.com\\\/en\\\/#\\\/schema\\\/logo\\\/image\\\/\",\"url\":\"https:\\\/\\\/www.imo-gmbh.com\\\/wp-content\\\/uploads\\\/2019\\\/08\\\/imo-logo-rot.svg\",\"contentUrl\":\"https:\\\/\\\/www.imo-gmbh.com\\\/wp-content\\\/uploads\\\/2019\\\/08\\\/imo-logo-rot.svg\",\"width\":51,\"height\":168,\"caption\":\"IMO Oberfl\u00e4chentechnik GmbH\"},\"image\":{\"@id\":\"https:\\\/\\\/www.imo-gmbh.com\\\/en\\\/#\\\/schema\\\/logo\\\/image\\\/\"}},{\"@type\":\"Person\",\"@id\":\"https:\\\/\\\/www.imo-gmbh.com\\\/en\\\/#\\\/schema\\\/person\\\/87c3ed1541f4fb28f213f4373819396d\",\"name\":\"Iris Mittelst\u00e4dt\",\"sameAs\":[\"https:\\\/\\\/www.imo-gmbh.com\"]}]}<\/script>\n<!-- \/ Yoast SEO plugin. -->","yoast_head_json":{"title":"\u20ac 3.000,- f\u00fcr den guten Zweck - IMO Oberfl\u00e4chentechnik GmbH","robots":{"index":"index","follow":"follow","max-snippet":"max-snippet:-1","max-image-preview":"max-image-preview:large","max-video-preview":"max-video-preview:-1"},"canonical":"https:\/\/www.imo-gmbh.com\/en\/e-3-000-fuer-den-guten-zweck\/","og_locale":"en_US","og_type":"article","og_title":"\u20ac 3.000,- f\u00fcr den guten Zweck - IMO Oberfl\u00e4chentechnik GmbH","og_description":"Bereits zum vierten Mal in Folge nahm das IMO-Team in diesem Jahr beim Stadtradeln teil. \u201eWie angek\u00fcndigt spenden wir abh\u00e4ngig von der Menge der gefahrenen Kilometer eine Summe f\u00fcr den guten Zweck\u201c, erkl\u00e4ren Kay und Armin M\u00fcller, die S\u00f6hne von IMO-Gesch\u00e4ftsf\u00fchrer Bernd M\u00fcller \u201eF\u00fcr die gefahrenen Kilometer verteilen wir \u20ac 3.000,- an zwei soziale Einrichtungen.\u201c","og_url":"https:\/\/www.imo-gmbh.com\/en\/e-3-000-fuer-den-guten-zweck\/","og_site_name":"IMO Oberfl\u00e4chentechnik GmbH","article_published_time":"2024-08-12T07:11:12+00:00","article_modified_time":"2024-08-12T07:11:15+00:00","og_image":[{"width":800,"height":600,"url":"https:\/\/www.imo-gmbh.com\/wp-content\/uploads\/2024\/08\/Beitragsbild_IMO-Stadtradeln_Spende_2024_800x600.jpg","type":"image\/jpeg"}],"author":"Iris Mittelst\u00e4dt","twitter_card":"summary_large_image","twitter_misc":{"Written by":"Iris Mittelst\u00e4dt","Est. reading time":"3 minutes"},"schema":{"@context":"https:\/\/schema.org","@graph":[{"@type":"Article","@id":"https:\/\/www.imo-gmbh.com\/en\/e-3-000-fuer-den-guten-zweck\/#article","isPartOf":{"@id":"https:\/\/www.imo-gmbh.com\/en\/e-3-000-fuer-den-guten-zweck\/"},"author":{"name":"Iris Mittelst\u00e4dt","@id":"https:\/\/www.imo-gmbh.com\/en\/#\/schema\/person\/87c3ed1541f4fb28f213f4373819396d"},"headline":"\u20ac 3.000,- f\u00fcr den guten Zweck","datePublished":"2024-08-12T07:11:12+00:00","dateModified":"2024-08-12T07:11:15+00:00","mainEntityOfPage":{"@id":"https:\/\/www.imo-gmbh.com\/en\/e-3-000-fuer-den-guten-zweck\/"},"wordCount":523,"publisher":{"@id":"https:\/\/www.imo-gmbh.com\/en\/#organization"},"image":{"@id":"https:\/\/www.imo-gmbh.com\/en\/e-3-000-fuer-den-guten-zweck\/#primaryimage"},"thumbnailUrl":"https:\/\/www.imo-gmbh.com\/wp-content\/uploads\/2024\/08\/Beitragsbild_IMO-Stadtradeln_Spende_2024_800x600.jpg","keywords":["familienherberge","IMO","palliativ netz","Spende","Stadtradeln"],"articleSection":["Events"],"inLanguage":"en-US"},{"@type":"WebPage","@id":"https:\/\/www.imo-gmbh.com\/en\/e-3-000-fuer-den-guten-zweck\/","url":"https:\/\/www.imo-gmbh.com\/en\/e-3-000-fuer-den-guten-zweck\/","name":"\u20ac 3.000,- f\u00fcr den guten Zweck - IMO Oberfl\u00e4chentechnik GmbH","isPartOf":{"@id":"https:\/\/www.imo-gmbh.com\/en\/#website"},"primaryImageOfPage":{"@id":"https:\/\/www.imo-gmbh.com\/en\/e-3-000-fuer-den-guten-zweck\/#primaryimage"},"image":{"@id":"https:\/\/www.imo-gmbh.com\/en\/e-3-000-fuer-den-guten-zweck\/#primaryimage"},"thumbnailUrl":"https:\/\/www.imo-gmbh.com\/wp-content\/uploads\/2024\/08\/Beitragsbild_IMO-Stadtradeln_Spende_2024_800x600.jpg","datePublished":"2024-08-12T07:11:12+00:00","dateModified":"2024-08-12T07:11:15+00:00","breadcrumb":{"@id":"https:\/\/www.imo-gmbh.com\/en\/e-3-000-fuer-den-guten-zweck\/#breadcrumb"},"inLanguage":"en-US","potentialAction":[{"@type":"ReadAction","target":["https:\/\/www.imo-gmbh.com\/en\/e-3-000-fuer-den-guten-zweck\/"]}]},{"@type":"ImageObject","inLanguage":"en-US","@id":"https:\/\/www.imo-gmbh.com\/en\/e-3-000-fuer-den-guten-zweck\/#primaryimage","url":"https:\/\/www.imo-gmbh.com\/wp-content\/uploads\/2024\/08\/Beitragsbild_IMO-Stadtradeln_Spende_2024_800x600.jpg","contentUrl":"https:\/\/www.imo-gmbh.com\/wp-content\/uploads\/2024\/08\/Beitragsbild_IMO-Stadtradeln_Spende_2024_800x600.jpg","width":800,"height":600,"caption":"Stadtradeln 2024"},{"@type":"BreadcrumbList","@id":"https:\/\/www.imo-gmbh.com\/en\/e-3-000-fuer-den-guten-zweck\/#breadcrumb","itemListElement":[{"@type":"ListItem","position":1,"name":"Startseite","item":"https:\/\/www.imo-gmbh.com\/en\/"},{"@type":"ListItem","position":2,"name":"\u20ac 3.000,- f\u00fcr den guten Zweck"}]},{"@type":"WebSite","@id":"https:\/\/www.imo-gmbh.com\/en\/#website","url":"https:\/\/www.imo-gmbh.com\/en\/","name":"IMO Oberfl\u00e4chentechnik GmbH","description":"Eine weitere WordPress-Website","publisher":{"@id":"https:\/\/www.imo-gmbh.com\/en\/#organization"},"potentialAction":[{"@type":"SearchAction","target":{"@type":"EntryPoint","urlTemplate":"https:\/\/www.imo-gmbh.com\/en\/?s={search_term_string}"},"query-input":{"@type":"PropertyValueSpecification","valueRequired":true,"valueName":"search_term_string"}}],"inLanguage":"en-US"},{"@type":"Organization","@id":"https:\/\/www.imo-gmbh.com\/en\/#organization","name":"IMO Oberfl\u00e4chentechnik GmbH","url":"https:\/\/www.imo-gmbh.com\/en\/","logo":{"@type":"ImageObject","inLanguage":"en-US","@id":"https:\/\/www.imo-gmbh.com\/en\/#\/schema\/logo\/image\/","url":"https:\/\/www.imo-gmbh.com\/wp-content\/uploads\/2019\/08\/imo-logo-rot.svg","contentUrl":"https:\/\/www.imo-gmbh.com\/wp-content\/uploads\/2019\/08\/imo-logo-rot.svg","width":51,"height":168,"caption":"IMO Oberfl\u00e4chentechnik GmbH"},"image":{"@id":"https:\/\/www.imo-gmbh.com\/en\/#\/schema\/logo\/image\/"}},{"@type":"Person","@id":"https:\/\/www.imo-gmbh.com\/en\/#\/schema\/person\/87c3ed1541f4fb28f213f4373819396d","name":"Iris Mittelst\u00e4dt","sameAs":["https:\/\/www.imo-gmbh.com"]}]}},"_links":{"self":[{"href":"https:\/\/www.imo-gmbh.com\/en\/wp-json\/wp\/v2\/posts\/18314","targetHints":{"allow":["GET"]}}],"collection":[{"href":"https:\/\/www.imo-gmbh.com\/en\/wp-json\/wp\/v2\/posts"}],"about":[{"href":"https:\/\/www.imo-gmbh.com\/en\/wp-json\/wp\/v2\/types\/post"}],"author":[{"embeddable":true,"href":"https:\/\/www.imo-gmbh.com\/en\/wp-json\/wp\/v2\/users\/15"}],"replies":[{"embeddable":true,"href":"https:\/\/www.imo-gmbh.com\/en\/wp-json\/wp\/v2\/comments?post=18314"}],"version-history":[{"count":0,"href":"https:\/\/www.imo-gmbh.com\/en\/wp-json\/wp\/v2\/posts\/18314\/revisions"}],"wp:featuredmedia":[{"embeddable":true,"href":"https:\/\/www.imo-gmbh.com\/en\/wp-json\/wp\/v2\/media\/18300"}],"wp:attachment":[{"href":"https:\/\/www.imo-gmbh.com\/en\/wp-json\/wp\/v2\/media?parent=18314"}],"wp:term":[{"taxonomy":"category","embeddable":true,"href":"https:\/\/www.imo-gmbh.com\/en\/wp-json\/wp\/v2\/categories?post=18314"},{"taxonomy":"post_tag","embeddable":true,"href":"https:\/\/www.imo-gmbh.com\/en\/wp-json\/wp\/v2\/tags?post=18314"}],"curies":[{"name":"wp","href":"https:\/\/api.w.org\/{rel}","templated":true}]}}