{"id":17741,"date":"2024-02-23T08:17:07","date_gmt":"2024-02-23T07:17:07","guid":{"rendered":"https:\/\/www.imo-gmbh.com\/realschueler-zu-gast-bei-imo\/"},"modified":"2024-02-23T08:17:09","modified_gmt":"2024-02-23T07:17:09","slug":"realschueler-zu-gast-bei-imo","status":"publish","type":"post","link":"https:\/\/www.imo-gmbh.com\/en\/realschueler-zu-gast-bei-imo\/","title":{"rendered":"Realsch\u00fcler zu Gast bei IMO"},"content":{"rendered":"\t\t<div data-elementor-type=\"wp-post\" data-elementor-id=\"17741\" class=\"elementor elementor-17741 elementor-17728\" data-elementor-post-type=\"post\">\n\t\t\t\t\t\t<section data-particle_enable=\"false\" data-particle-mobile-disabled=\"false\" class=\"elementor-section elementor-top-section elementor-element elementor-element-497e4a27 elementor-section-full_width elementor-section-height-default elementor-section-height-default\" data-id=\"497e4a27\" data-element_type=\"section\" data-e-type=\"section\" data-settings=\"{&quot;background_background&quot;:&quot;classic&quot;}\">\n\t\t\t\t\t\t<div class=\"elementor-container elementor-column-gap-no\">\n\t\t\t\t\t<div class=\"elementor-column elementor-col-100 elementor-top-column elementor-element elementor-element-5a24f3a2\" data-id=\"5a24f3a2\" data-element_type=\"column\" data-e-type=\"column\">\n\t\t\t<div class=\"elementor-widget-wrap elementor-element-populated\">\n\t\t\t\t\t\t<div class=\"elementor-element elementor-element-10efea0d elementor--h-position-center elementor--v-position-middle elementor-pagination-position-inside elementor-widget elementor-widget-slides\" data-id=\"10efea0d\" data-element_type=\"widget\" data-e-type=\"widget\" data-settings=\"{&quot;navigation&quot;:&quot;dots&quot;,&quot;autoplay&quot;:&quot;yes&quot;,&quot;pause_on_hover&quot;:&quot;yes&quot;,&quot;pause_on_interaction&quot;:&quot;yes&quot;,&quot;autoplay_speed&quot;:5000,&quot;infinite&quot;:&quot;yes&quot;,&quot;transition&quot;:&quot;slide&quot;,&quot;transition_speed&quot;:500}\" data-widget_type=\"slides.default\">\n\t\t\t\t<div class=\"elementor-widget-container\">\n\t\t\t\t\t\t\t\t\t<div class=\"elementor-swiper\">\n\t\t\t\t\t<div class=\"elementor-slides-wrapper elementor-main-swiper swiper\" role=\"region\" aria-roledescription=\"carousel\" aria-label=\"Slides\" dir=\"ltr\" data-animation=\"fadeInUp\">\n\t\t\t\t<div class=\"swiper-wrapper elementor-slides\">\n\t\t\t\t\t\t\t\t\t\t<div class=\"elementor-repeater-item-7c06743 swiper-slide\" role=\"group\" aria-roledescription=\"slide\"><div class=\"swiper-slide-bg\" role=\"img\" aria-label=\"Berufsorientierung bei IMO\"><\/div><div class=\"swiper-slide-inner\" ><div class=\"swiper-slide-contents\"><\/div><\/div><\/div>\t\t\t\t<\/div>\n\t\t\t\t\t\t\t<\/div>\n\t\t\t\t<\/div>\n\t\t\t\t\t\t\t\t<\/div>\n\t\t\t\t<\/div>\n\t\t\t\t\t<\/div>\n\t\t<\/div>\n\t\t\t\t\t<\/div>\n\t\t<\/section>\n\t\t\t\t<section data-particle_enable=\"false\" data-particle-mobile-disabled=\"false\" class=\"elementor-section elementor-top-section elementor-element elementor-element-6266c95e elementor-section-boxed elementor-section-height-default elementor-section-height-default\" data-id=\"6266c95e\" data-element_type=\"section\" data-e-type=\"section\" data-settings=\"{&quot;background_background&quot;:&quot;classic&quot;}\">\n\t\t\t\t\t\t<div class=\"elementor-container elementor-column-gap-default\">\n\t\t\t\t\t<div class=\"elementor-column elementor-col-100 elementor-top-column elementor-element elementor-element-4ab5a639\" data-id=\"4ab5a639\" data-element_type=\"column\" data-e-type=\"column\">\n\t\t\t<div class=\"elementor-widget-wrap elementor-element-populated\">\n\t\t\t\t\t\t<div class=\"elementor-element elementor-element-59227b7c balken-headline-schwarz elementor-widget elementor-widget-heading\" data-id=\"59227b7c\" data-element_type=\"widget\" data-e-type=\"widget\" data-widget_type=\"heading.default\">\n\t\t\t\t<div class=\"elementor-widget-container\">\n\t\t\t\t\t<h3 class=\"elementor-heading-title elementor-size-default\">23. February 2024<\/h3>\t\t\t\t<\/div>\n\t\t\t\t<\/div>\n\t\t\t\t<div class=\"elementor-element elementor-element-1bfc5938 balken-headline-rot elementor-widget elementor-widget-heading\" data-id=\"1bfc5938\" data-element_type=\"widget\" data-e-type=\"widget\" data-widget_type=\"heading.default\">\n\t\t\t\t<div class=\"elementor-widget-container\">\n\t\t\t\t\t<h2 class=\"elementor-heading-title elementor-size-default\">Realsch\u00fcler zu Gast bei IMO<\/h2>\t\t\t\t<\/div>\n\t\t\t\t<\/div>\n\t\t\t\t\t<\/div>\n\t\t<\/div>\n\t\t\t\t\t<\/div>\n\t\t<\/section>\n\t\t\t\t<section data-particle_enable=\"false\" data-particle-mobile-disabled=\"false\" class=\"elementor-section elementor-top-section elementor-element elementor-element-4f91c6b1 elementor-section-boxed elementor-section-height-default elementor-section-height-default\" data-id=\"4f91c6b1\" data-element_type=\"section\" data-e-type=\"section\" data-settings=\"{&quot;background_background&quot;:&quot;classic&quot;}\">\n\t\t\t\t\t\t<div class=\"elementor-container elementor-column-gap-default\">\n\t\t\t\t\t<div class=\"elementor-column elementor-col-50 elementor-top-column elementor-element elementor-element-344360d5\" data-id=\"344360d5\" data-element_type=\"column\" data-e-type=\"column\">\n\t\t\t<div class=\"elementor-widget-wrap elementor-element-populated\">\n\t\t\t\t\t\t<div class=\"elementor-element elementor-element-7d7b6cb7 elementor-widget elementor-widget-text-editor\" data-id=\"7d7b6cb7\" data-element_type=\"widget\" data-e-type=\"widget\" data-widget_type=\"text-editor.default\">\n\t\t\t\t<div class=\"elementor-widget-container\">\n\t\t\t\t\t\t\t\t\t<p><strong>Berufsorientierung an der CDRS<\/strong><\/p>\n<p><strong>\u00a0<\/strong><\/p>\n<p>Im Rahmen der <strong>BO-Woche zur Berufsorientierung<\/strong> an der Carl-Dittler-Realschule in Remchingen stand diese Woche f\u00fcr eine Gruppe Neuntkl\u00e4ssler auch der Besuch zweier metallverarbeitenden Unternehmen in K\u00f6nigsbach auf dem Programm.\u00a0<span style=\"letter-spacing: 0.1px; color: var( --e-global-color-text ); font-family: var( --e-global-typography-text-font-family ), Sans-serif; font-weight: var( --e-global-typography-text-font-weight );\">Interessierte Sch\u00fclerinnen und Sch\u00fcler aus insgesamt drei 9. Klassen waren gemeinsam mit ihrer Lehrerin Britta Baumgartner f\u00fcr knapp<\/span><strong style=\"letter-spacing: 0.1px; color: var( --e-global-color-text ); font-family: var( --e-global-typography-text-font-family ), Sans-serif;\"> zwei Stunden zu einer Betriebsbesichtigung bei IMO.<\/strong><\/p>\n<p><strong style=\"letter-spacing: 0.1px; color: var( --e-global-color-text ); font-family: var( --e-global-typography-text-font-family ), Sans-serif;\">\u00a0<\/strong><\/p>\n<p>\u00a0<\/p>\n<p>Unsere Ausbilder Hubert Maisenbacher und Philipp Kiseljak gaben nach einer kurzen Unternehmensvorstellung Einblicke in unsere Produktion und stellten die unterschiedlichen Berufe vor, die wir bei IMO ausbilden k\u00f6nnen. Im Anschluss ging die Gruppe weiter zu einer F\u00fchrung bei der benachbarten Firma Eugen Geyer.<\/p>\n<p>\u00a0<\/p>\n<p>\u00a0<\/p>\n<p><strong>Wir bedanken uns f\u00fcr den Besuch und hoffen, wir konnten den ein oder anderen f<\/strong><strong style=\"letter-spacing: 0.1px; color: var( --e-global-color-text ); font-family: var( --e-global-typography-text-font-family ), Sans-serif;\">\u00fcr einen unserer vielf\u00e4ltigen Berufe begeistern.<\/strong><\/p>\n\t\t\t\t\t\t\t\t<\/div>\n\t\t\t\t<\/div>\n\t\t\t\t\t<\/div>\n\t\t<\/div>\n\t\t\t\t<div class=\"elementor-column elementor-col-50 elementor-top-column elementor-element elementor-element-12a5e599\" data-id=\"12a5e599\" data-element_type=\"column\" data-e-type=\"column\" data-settings=\"{&quot;background_background&quot;:&quot;classic&quot;}\">\n\t\t\t<div class=\"elementor-widget-wrap elementor-element-populated\">\n\t\t\t\t\t\t<div class=\"elementor-element elementor-element-3e9cda81 elementor-widget elementor-widget-text-editor\" data-id=\"3e9cda81\" data-element_type=\"widget\" data-e-type=\"widget\" data-widget_type=\"text-editor.default\">\n\t\t\t\t<div class=\"elementor-widget-container\">\n\t\t\t\t\t\t\t\t\t<p><strong style=\"letter-spacing: 0.1px;\">Teilen:<\/strong><\/p>\n\t\t\t\t\t\t\t\t<\/div>\n\t\t\t\t<\/div>\n\t\t\t\t<div class=\"elementor-element elementor-element-72cf3fd3 elementor-share-buttons--view-icon elementor-share-buttons--skin-flat elementor-share-buttons--shape-circle elementor-share-buttons--color-custom elementor-grid-0 elementor-widget elementor-widget-global elementor-global-3902 elementor-widget-share-buttons\" data-id=\"72cf3fd3\" data-element_type=\"widget\" data-e-type=\"widget\" data-widget_type=\"share-buttons.default\">\n\t\t\t\t<div class=\"elementor-widget-container\">\n\t\t\t\t\t\t\t<div class=\"elementor-grid\" role=\"list\">\n\t\t\t\t\t\t\t\t<div class=\"elementor-grid-item\" role=\"listitem\">\n\t\t\t\t\t\t<div class=\"elementor-share-btn elementor-share-btn_facebook\" role=\"button\" tabindex=\"0\" aria-label=\"Share on facebook\">\n\t\t\t\t\t\t\t\t\t\t\t\t\t\t\t<span class=\"elementor-share-btn__icon\">\n\t\t\t\t\t\t\t\t<i class=\"fab fa-facebook\" aria-hidden=\"true\"><\/i>\t\t\t\t\t\t\t<\/span>\n\t\t\t\t\t\t\t\t\t\t\t\t\t\t\t\t\t\t\t\t<\/div>\n\t\t\t\t\t<\/div>\n\t\t\t\t\t\t\t\t\t<div class=\"elementor-grid-item\" role=\"listitem\">\n\t\t\t\t\t\t<div class=\"elementor-share-btn elementor-share-btn_linkedin\" role=\"button\" tabindex=\"0\" aria-label=\"Share on linkedin\">\n\t\t\t\t\t\t\t\t\t\t\t\t\t\t\t<span class=\"elementor-share-btn__icon\">\n\t\t\t\t\t\t\t\t<i class=\"fab fa-linkedin\" aria-hidden=\"true\"><\/i>\t\t\t\t\t\t\t<\/span>\n\t\t\t\t\t\t\t\t\t\t\t\t\t\t\t\t\t\t\t\t<\/div>\n\t\t\t\t\t<\/div>\n\t\t\t\t\t\t\t\t\t<div class=\"elementor-grid-item\" role=\"listitem\">\n\t\t\t\t\t\t<div class=\"elementor-share-btn elementor-share-btn_xing\" role=\"button\" tabindex=\"0\" aria-label=\"Share on xing\">\n\t\t\t\t\t\t\t\t\t\t\t\t\t\t\t<span class=\"elementor-share-btn__icon\">\n\t\t\t\t\t\t\t\t<i class=\"fab fa-xing\" aria-hidden=\"true\"><\/i>\t\t\t\t\t\t\t<\/span>\n\t\t\t\t\t\t\t\t\t\t\t\t\t\t\t\t\t\t\t\t<\/div>\n\t\t\t\t\t<\/div>\n\t\t\t\t\t\t<\/div>\n\t\t\t\t\t\t<\/div>\n\t\t\t\t<\/div>\n\t\t\t\t\t<\/div>\n\t\t<\/div>\n\t\t\t\t\t<\/div>\n\t\t<\/section>\n\t\t\t\t<section data-particle_enable=\"false\" data-particle-mobile-disabled=\"false\" class=\"elementor-section elementor-top-section elementor-element elementor-element-d4ed9d6 elementor-section-boxed elementor-section-height-default elementor-section-height-default\" data-id=\"d4ed9d6\" data-element_type=\"section\" data-e-type=\"section\">\n\t\t\t\t\t\t<div class=\"elementor-container elementor-column-gap-no\">\n\t\t\t\t\t<div class=\"elementor-column elementor-col-100 elementor-top-column elementor-element elementor-element-4092d839\" data-id=\"4092d839\" data-element_type=\"column\" data-e-type=\"column\">\n\t\t\t<div class=\"elementor-widget-wrap elementor-element-populated\">\n\t\t\t\t\t\t<div class=\"elementor-element elementor-element-39e1a981 elementor-align-left elementor-widget__width-auto elementor-fixed elementor-hidden-phone elementor-widget elementor-widget-global elementor-global-5729 elementor-global-3472 elementor-widget-button\" data-id=\"39e1a981\" data-element_type=\"widget\" data-e-type=\"widget\" data-settings=\"{&quot;_position&quot;:&quot;fixed&quot;}\" data-widget_type=\"button.default\">\n\t\t\t\t<div class=\"elementor-widget-container\">\n\t\t\t\t\t\t\t\t\t<div class=\"elementor-button-wrapper\">\n\t\t\t\t\t<a class=\"elementor-button elementor-button-link elementor-size-xs\" href=\"#elementor-action%3Aaction%3Dpopup%3Aopen%26settings%3DeyJpZCI6NTY2OCwidG9nZ2xlIjpmYWxzZX0%3D\">\n\t\t\t\t\t\t<span class=\"elementor-button-content-wrapper\">\n\t\t\t\t\t\t<span class=\"elementor-button-icon\">\n\t\t\t\t<i aria-hidden=\"true\" class=\"fas fa-mail-bulk\"><\/i>\t\t\t<\/span>\n\t\t\t\t\t\t\t\t<\/span>\n\t\t\t\t\t<\/a>\n\t\t\t\t<\/div>\n\t\t\t\t\t\t\t\t<\/div>\n\t\t\t\t<\/div>\n\t\t\t\t<div class=\"elementor-element elementor-element-4cb8afb elementor-view-stacked elementor-shape-square elementor-widget__width-initial elementor-fixed elementor-widget elementor-widget-global elementor-global-3759 elementor-widget-icon\" data-id=\"4cb8afb\" data-element_type=\"widget\" data-e-type=\"widget\" data-settings=\"{&quot;motion_fx_motion_fx_scrolling&quot;:&quot;yes&quot;,&quot;motion_fx_opacity_effect&quot;:&quot;yes&quot;,&quot;motion_fx_opacity_range&quot;:{&quot;unit&quot;:&quot;%&quot;,&quot;size&quot;:&quot;&quot;,&quot;sizes&quot;:{&quot;start&quot;:15,&quot;end&quot;:20}},&quot;motion_fx_range&quot;:&quot;page&quot;,&quot;_animation&quot;:&quot;none&quot;,&quot;_position&quot;:&quot;fixed&quot;,&quot;motion_fx_opacity_direction&quot;:&quot;out-in&quot;,&quot;motion_fx_opacity_level&quot;:{&quot;unit&quot;:&quot;px&quot;,&quot;size&quot;:10,&quot;sizes&quot;:[]},&quot;motion_fx_devices&quot;:[&quot;desktop&quot;,&quot;tablet&quot;,&quot;mobile&quot;]}\" data-widget_type=\"icon.default\">\n\t\t\t\t<div class=\"elementor-widget-container\">\n\t\t\t\t\t\t\t<div class=\"elementor-icon-wrapper\">\n\t\t\t<a class=\"elementor-icon elementor-animation-grow\" href=\"#top\">\n\t\t\t<i aria-hidden=\"true\" class=\"fas fa-angle-double-up\"><\/i>\t\t\t<\/a>\n\t\t<\/div>\n\t\t\t\t\t\t<\/div>\n\t\t\t\t<\/div>\n\t\t\t\t\t<\/div>\n\t\t<\/div>\n\t\t\t\t\t<\/div>\n\t\t<\/section>\n\t\t\t\t<section data-particle_enable=\"false\" data-particle-mobile-disabled=\"false\" class=\"elementor-section elementor-top-section elementor-element elementor-element-7764bbe1 elementor-section-boxed elementor-section-height-default elementor-section-height-default\" data-id=\"7764bbe1\" data-element_type=\"section\" data-e-type=\"section\">\n\t\t\t\t\t\t<div class=\"elementor-container elementor-column-gap-no\">\n\t\t\t\t\t<div class=\"elementor-column elementor-col-100 elementor-top-column elementor-element elementor-element-58058b2e\" data-id=\"58058b2e\" data-element_type=\"column\" data-e-type=\"column\" data-settings=\"{&quot;background_background&quot;:&quot;classic&quot;}\">\n\t\t\t<div class=\"elementor-widget-wrap elementor-element-populated\">\n\t\t\t\t\t\t<div class=\"elementor-element elementor-element-27c8f156 balken-headline-schwarz zentriert elementor-widget elementor-widget-heading\" data-id=\"27c8f156\" data-element_type=\"widget\" data-e-type=\"widget\" data-widget_type=\"heading.default\">\n\t\t\t\t<div class=\"elementor-widget-container\">\n\t\t\t\t\t<h3 class=\"elementor-heading-title elementor-size-default\">Aktuelles<\/h3>\t\t\t\t<\/div>\n\t\t\t\t<\/div>\n\t\t\t\t<div class=\"elementor-element elementor-element-720831a5 balken-headline-rot zentriert elementor-widget elementor-widget-heading\" data-id=\"720831a5\" data-element_type=\"widget\" data-e-type=\"widget\" data-widget_type=\"heading.default\">\n\t\t\t\t<div class=\"elementor-widget-container\">\n\t\t\t\t\t<h2 class=\"elementor-heading-title elementor-size-default\">Das k\u00f6nnte Sie auch<\/h2>\t\t\t\t<\/div>\n\t\t\t\t<\/div>\n\t\t\t\t<div class=\"elementor-element elementor-element-3bc155b0 balken-headline-rot zentriert elementor-widget elementor-widget-heading\" data-id=\"3bc155b0\" data-element_type=\"widget\" data-e-type=\"widget\" data-widget_type=\"heading.default\">\n\t\t\t\t<div class=\"elementor-widget-container\">\n\t\t\t\t\t<h2 class=\"elementor-heading-title elementor-size-default\">interessieren<\/h2>\t\t\t\t<\/div>\n\t\t\t\t<\/div>\n\t\t\t\t\t<\/div>\n\t\t<\/div>\n\t\t\t\t\t<\/div>\n\t\t<\/section>\n\t\t\t\t<section data-particle_enable=\"false\" data-particle-mobile-disabled=\"false\" class=\"elementor-section elementor-top-section elementor-element elementor-element-3a2497b9 elementor-section-boxed elementor-section-height-default elementor-section-height-default\" data-id=\"3a2497b9\" data-element_type=\"section\" data-e-type=\"section\">\n\t\t\t\t\t\t<div class=\"elementor-container elementor-column-gap-no\">\n\t\t\t\t\t<div class=\"elementor-column elementor-col-100 elementor-top-column elementor-element elementor-element-2787682a\" data-id=\"2787682a\" data-element_type=\"column\" data-e-type=\"column\">\n\t\t\t<div class=\"elementor-widget-wrap elementor-element-populated\">\n\t\t\t\t\t\t<div class=\"elementor-element elementor-element-469ddb1b elementor-grid-tablet-1 elementor-grid-3 elementor-grid-mobile-1 elementor-posts--thumbnail-top elementor-card-shadow-yes elementor-posts__hover-gradient elementor-widget elementor-widget-posts\" data-id=\"469ddb1b\" data-element_type=\"widget\" data-e-type=\"widget\" data-settings=\"{&quot;cards_columns_tablet&quot;:&quot;1&quot;,&quot;cards_columns&quot;:&quot;3&quot;,&quot;cards_columns_mobile&quot;:&quot;1&quot;,&quot;cards_row_gap&quot;:{&quot;unit&quot;:&quot;px&quot;,&quot;size&quot;:35,&quot;sizes&quot;:[]},&quot;cards_row_gap_tablet&quot;:{&quot;unit&quot;:&quot;px&quot;,&quot;size&quot;:&quot;&quot;,&quot;sizes&quot;:[]},&quot;cards_row_gap_mobile&quot;:{&quot;unit&quot;:&quot;px&quot;,&quot;size&quot;:&quot;&quot;,&quot;sizes&quot;:[]}}\" data-widget_type=\"posts.cards\">\n\t\t\t\t<div class=\"elementor-widget-container\">\n\t\t\t\t\t\t\t<div class=\"elementor-posts-container elementor-posts elementor-posts--skin-cards elementor-grid\" role=\"list\">\n\t\t\t\t<article class=\"elementor-post elementor-grid-item post-20610 post type-post status-publish format-standard has-post-thumbnail hentry category-news-en tag-heynlinschule-en tag-imo-en tag-oekomobil-en entry\" role=\"listitem\">\n\t\t\t<div class=\"elementor-post__card\">\n\t\t\t\t<a class=\"elementor-post__thumbnail__link\" href=\"https:\/\/www.imo-gmbh.com\/en\/the-oekomobil-at-the-kaempfelbach\/\" tabindex=\"-1\" ><div class=\"elementor-post__thumbnail\"><img fetchpriority=\"high\" decoding=\"async\" width=\"640\" height=\"480\" src=\"https:\/\/www.imo-gmbh.com\/wp-content\/uploads\/2026\/07\/Oekomobil_Beitragsbild_800x600-768x576.jpg\" class=\"attachment-medium_large size-medium_large wp-image-20600\" alt=\"\u00d6komobil bei IMO\" srcset=\"https:\/\/www.imo-gmbh.com\/wp-content\/uploads\/2026\/07\/Oekomobil_Beitragsbild_800x600-768x576.jpg 768w, https:\/\/www.imo-gmbh.com\/wp-content\/uploads\/2026\/07\/Oekomobil_Beitragsbild_800x600-300x225.jpg 300w, https:\/\/www.imo-gmbh.com\/wp-content\/uploads\/2026\/07\/Oekomobil_Beitragsbild_800x600.jpg 800w\" sizes=\"(max-width: 34.9rem) calc(100vw - 2rem), (max-width: 53rem) calc(8 * (100vw \/ 12)), (min-width: 53rem) calc(6 * (100vw \/ 12)), 100vw\" \/><\/div><\/a>\n\t\t\t\t<div class=\"elementor-post__badge\">News<\/div>\n\t\t\t\t<div class=\"elementor-post__text\">\n\t\t\t\t<h3 class=\"elementor-post__title\">\n\t\t\t<a href=\"https:\/\/www.imo-gmbh.com\/en\/the-oekomobil-at-the-kaempfelbach\/\" >\n\t\t\t\tThe \u00d6komobil at the K\u00e4mpfelbach\t\t\t<\/a>\n\t\t<\/h3>\n\t\t\t\t<div class=\"elementor-post__excerpt\">\n\t\t\t<p>When a group of pupils, kitted out in wellies and armed with landing nets, are out and about in the K\u00e4mpfelbach in the Allmendwiesen, it means the \u00d6komobil is visiting IMO once again. Pupils from the Heynlin School had the opportunity to explore the \u2018stream\u2019 habitat under the guidance of biologist Juliane Zimmermann. <\/p>\n\t\t<\/div>\n\t\t\n\t\t<a class=\"elementor-post__read-more\" href=\"https:\/\/www.imo-gmbh.com\/en\/the-oekomobil-at-the-kaempfelbach\/\" aria-label=\"Read more about The \u00d6komobil at the K\u00e4mpfelbach\" tabindex=\"-1\" >\n\t\t\tRead More \u00bb\t\t<\/a>\n\n\t\t\t\t<\/div>\n\t\t\t\t<div class=\"elementor-post__meta-data\">\n\t\t\t\t\t<span class=\"elementor-post-date\">\n\t\t\t3. July 2026\t\t<\/span>\n\t\t\t\t<\/div>\n\t\t\t\t\t<\/div>\n\t\t<\/article>\n\t\t\t\t<article class=\"elementor-post elementor-grid-item post-20578 post type-post status-publish format-standard has-post-thumbnail hentry category-news-en tag-girls-day-en tag-girls-day-2026 tag-girls-day-at-imo tag-imo-en tag-surface-technology entry\" role=\"listitem\">\n\t\t\t<div class=\"elementor-post__card\">\n\t\t\t\t<a class=\"elementor-post__thumbnail__link\" href=\"https:\/\/www.imo-gmbh.com\/en\/that-was-2026-stanztec\/\" tabindex=\"-1\" ><div class=\"elementor-post__thumbnail\"><img decoding=\"async\" width=\"640\" height=\"480\" src=\"https:\/\/www.imo-gmbh.com\/wp-content\/uploads\/2026\/06\/Rueckblick_Stanztec_Beitrag-768x576.jpg\" class=\"attachment-medium_large size-medium_large wp-image-20569\" alt=\"R\u00fcckblick Stanztec in Pforzheim\nBranchentreff f\u00fcr die Stanztechnik\" srcset=\"https:\/\/www.imo-gmbh.com\/wp-content\/uploads\/2026\/06\/Rueckblick_Stanztec_Beitrag-768x576.jpg 768w, https:\/\/www.imo-gmbh.com\/wp-content\/uploads\/2026\/06\/Rueckblick_Stanztec_Beitrag-300x225.jpg 300w, https:\/\/www.imo-gmbh.com\/wp-content\/uploads\/2026\/06\/Rueckblick_Stanztec_Beitrag.jpg 800w\" sizes=\"(max-width: 34.9rem) calc(100vw - 2rem), (max-width: 53rem) calc(8 * (100vw \/ 12)), (min-width: 53rem) calc(6 * (100vw \/ 12)), 100vw\" \/><\/div><\/a>\n\t\t\t\t<div class=\"elementor-post__badge\">News<\/div>\n\t\t\t\t<div class=\"elementor-post__text\">\n\t\t\t\t<h3 class=\"elementor-post__title\">\n\t\t\t<a href=\"https:\/\/www.imo-gmbh.com\/en\/that-was-2026-stanztec\/\" >\n\t\t\t\tReview: Stanztec 2026\t\t\t<\/a>\n\t\t<\/h3>\n\t\t\t\t<div class=\"elementor-post__excerpt\">\n\t\t\t<p>In mid-June, the stamping industry gathered in Pforzheim for the eighth time. More than 130 exhibitors showcased their products, solutions and services across an area of around 4,000 m\u00b2. At the IMO stand, we used the three days of the trade fair to engage in in-depth and personal discussions with our customers. <\/p>\n\t\t<\/div>\n\t\t\n\t\t<a class=\"elementor-post__read-more\" href=\"https:\/\/www.imo-gmbh.com\/en\/that-was-2026-stanztec\/\" aria-label=\"Read more about Review: Stanztec 2026\" tabindex=\"-1\" >\n\t\t\tRead More \u00bb\t\t<\/a>\n\n\t\t\t\t<\/div>\n\t\t\t\t<div class=\"elementor-post__meta-data\">\n\t\t\t\t\t<span class=\"elementor-post-date\">\n\t\t\t23. June 2026\t\t<\/span>\n\t\t\t\t<\/div>\n\t\t\t\t\t<\/div>\n\t\t<\/article>\n\t\t\t\t<article class=\"elementor-post elementor-grid-item post-20482 post type-post status-publish format-standard has-post-thumbnail hentry category-news-en tag-girls-day-en tag-girls-day-2026 tag-girls-day-at-imo tag-imo-en tag-surface-technology entry\" role=\"listitem\">\n\t\t\t<div class=\"elementor-post__card\">\n\t\t\t\t<a class=\"elementor-post__thumbnail__link\" href=\"https:\/\/www.imo-gmbh.com\/en\/review-girls-day-2026\/\" tabindex=\"-1\" ><div class=\"elementor-post__thumbnail\"><img decoding=\"async\" width=\"640\" height=\"480\" src=\"https:\/\/www.imo-gmbh.com\/wp-content\/uploads\/2026\/04\/GirlsDay2026_Beitragsbild_800x600-768x576.jpg\" class=\"attachment-medium_large size-medium_large wp-image-20473\" alt=\"Girls\u2019 Day 2026 bei Firma IMO \u2013 Gl\u00e4nzende Einblicke in die Oberfl\u00e4chenbeschichtung\" srcset=\"https:\/\/www.imo-gmbh.com\/wp-content\/uploads\/2026\/04\/GirlsDay2026_Beitragsbild_800x600-768x576.jpg 768w, https:\/\/www.imo-gmbh.com\/wp-content\/uploads\/2026\/04\/GirlsDay2026_Beitragsbild_800x600-300x225.jpg 300w, https:\/\/www.imo-gmbh.com\/wp-content\/uploads\/2026\/04\/GirlsDay2026_Beitragsbild_800x600.jpg 800w\" sizes=\"(max-width: 34.9rem) calc(100vw - 2rem), (max-width: 53rem) calc(8 * (100vw \/ 12)), (min-width: 53rem) calc(6 * (100vw \/ 12)), 100vw\" \/><\/div><\/a>\n\t\t\t\t<div class=\"elementor-post__badge\">News<\/div>\n\t\t\t\t<div class=\"elementor-post__text\">\n\t\t\t\t<h3 class=\"elementor-post__title\">\n\t\t\t<a href=\"https:\/\/www.imo-gmbh.com\/en\/review-girls-day-2026\/\" >\n\t\t\t\tReview: Girls&#8217; Day 2026\t\t\t<\/a>\n\t\t<\/h3>\n\t\t\t\t<div class=\"elementor-post__excerpt\">\n\t\t\t<p>On the nationwide Girls\u2019 Day 2026, we at IMO also opened our doors to interested female students and gave them the opportunity to get an up-close look at our company and the world of work \u2014 in our case, the profession of surface coater. <\/p>\n\t\t<\/div>\n\t\t\n\t\t<a class=\"elementor-post__read-more\" href=\"https:\/\/www.imo-gmbh.com\/en\/review-girls-day-2026\/\" aria-label=\"Read more about Review: Girls&#8217; Day 2026\" tabindex=\"-1\" >\n\t\t\tRead More \u00bb\t\t<\/a>\n\n\t\t\t\t<\/div>\n\t\t\t\t<div class=\"elementor-post__meta-data\">\n\t\t\t\t\t<span class=\"elementor-post-date\">\n\t\t\t28. April 2026\t\t<\/span>\n\t\t\t\t<\/div>\n\t\t\t\t\t<\/div>\n\t\t<\/article>\n\t\t\t\t<\/div>\n\t\t\n\t\t\t\t\t\t<\/div>\n\t\t\t\t<\/div>\n\t\t\t\t\t<\/div>\n\t\t<\/div>\n\t\t\t\t\t<\/div>\n\t\t<\/section>\n\t\t\t\t<section data-particle_enable=\"false\" data-particle-mobile-disabled=\"false\" class=\"elementor-section elementor-top-section elementor-element elementor-element-5a5522bb kontakt kontakt-teaser elementor-section-boxed elementor-section-height-default elementor-section-height-default\" data-id=\"5a5522bb\" data-element_type=\"section\" data-e-type=\"section\" data-settings=\"{&quot;background_background&quot;:&quot;classic&quot;}\">\n\t\t\t\t\t\t<div class=\"elementor-container elementor-column-gap-no\">\n\t\t\t\t\t<div class=\"elementor-column elementor-col-50 elementor-top-column elementor-element elementor-element-65bc8e8\" data-id=\"65bc8e8\" data-element_type=\"column\" data-e-type=\"column\">\n\t\t\t<div class=\"elementor-widget-wrap elementor-element-populated\">\n\t\t\t\t\t\t<div class=\"elementor-element elementor-element-7f13aaa2 elementor-widget elementor-widget-image\" data-id=\"7f13aaa2\" data-element_type=\"widget\" data-e-type=\"widget\" data-widget_type=\"image.default\">\n\t\t\t\t<div class=\"elementor-widget-container\">\n\t\t\t\t\t\t\t\t\t\t\t\t\t\t\t<img loading=\"lazy\" decoding=\"async\" width=\"900\" height=\"900\" src=\"https:\/\/www.imo-gmbh.com\/wp-content\/uploads\/2019\/10\/imo-startseite-kontakt-bischoff.png\" class=\"attachment-full size-full wp-image-5291\" alt=\"\" srcset=\"https:\/\/www.imo-gmbh.com\/wp-content\/uploads\/2019\/10\/imo-startseite-kontakt-bischoff.png 900w, https:\/\/www.imo-gmbh.com\/wp-content\/uploads\/2019\/10\/imo-startseite-kontakt-bischoff-150x150.png 150w, https:\/\/www.imo-gmbh.com\/wp-content\/uploads\/2019\/10\/imo-startseite-kontakt-bischoff-300x300.png 300w, https:\/\/www.imo-gmbh.com\/wp-content\/uploads\/2019\/10\/imo-startseite-kontakt-bischoff-768x768.png 768w\" sizes=\"(max-width: 900px) 100vw, 900px\" \/>\t\t\t\t\t\t\t\t\t\t\t\t\t\t\t<\/div>\n\t\t\t\t<\/div>\n\t\t\t\t\t<\/div>\n\t\t<\/div>\n\t\t\t\t<div class=\"elementor-column elementor-col-50 elementor-top-column elementor-element elementor-element-4cce5ae1 background-white-mobile mobil-order-1\" data-id=\"4cce5ae1\" data-element_type=\"column\" data-e-type=\"column\">\n\t\t\t<div class=\"elementor-widget-wrap elementor-element-populated\">\n\t\t\t\t\t\t<div class=\"elementor-element elementor-element-7d208f0e elementor-widget elementor-widget-heading\" data-id=\"7d208f0e\" data-element_type=\"widget\" data-e-type=\"widget\" data-widget_type=\"heading.default\">\n\t\t\t\t<div class=\"elementor-widget-container\">\n\t\t\t\t\t<h5 class=\"elementor-heading-title elementor-size-default\">CONTACT<\/h5>\t\t\t\t<\/div>\n\t\t\t\t<\/div>\n\t\t\t\t<div class=\"elementor-element elementor-element-4cde754c elementor-widget elementor-widget-heading\" data-id=\"4cde754c\" data-element_type=\"widget\" data-e-type=\"widget\" data-widget_type=\"heading.default\">\n\t\t\t\t<div class=\"elementor-widget-container\">\n\t\t\t\t\t<h4 class=\"elementor-heading-title elementor-size-default\">IMO always here to help<\/h4>\t\t\t\t<\/div>\n\t\t\t\t<\/div>\n\t\t\t\t<div class=\"elementor-element elementor-element-a121689 padding-right-text elementor-widget elementor-widget-text-editor\" data-id=\"a121689\" data-element_type=\"widget\" data-e-type=\"widget\" data-widget_type=\"text-editor.default\">\n\t\t\t\t<div class=\"elementor-widget-container\">\n\t\t\t\t\t\t\t\t\t<p>Sie haben Fragen zu unserem Unternehmen oder w\u00fcnschen eine individuelle Beratung? Ob per E-Mail, Telefon oder unser Kontaktformular \u2013 wir helfen Ihnen gerne weiter.<\/p>\n\t\t\t\t\t\t\t\t<\/div>\n\t\t\t\t<\/div>\n\t\t\t\t<div class=\"elementor-element elementor-element-60245b06 elementor-align-left elementor-tablet-align-center elementor-widget elementor-widget-button\" data-id=\"60245b06\" data-element_type=\"widget\" data-e-type=\"widget\" data-widget_type=\"button.default\">\n\t\t\t\t<div class=\"elementor-widget-container\">\n\t\t\t\t\t\t\t\t\t<div class=\"elementor-button-wrapper\">\n\t\t\t\t\t<a class=\"elementor-button elementor-button-link elementor-size-sm\" href=\"https:\/\/www.imo-gmbh.com\/en\/contact\/\">\n\t\t\t\t\t\t<span class=\"elementor-button-content-wrapper\">\n\t\t\t\t\t\t\t\t\t<span class=\"elementor-button-text\">CONTACT US NOW<\/span>\n\t\t\t\t\t<\/span>\n\t\t\t\t\t<\/a>\n\t\t\t\t<\/div>\n\t\t\t\t\t\t\t\t<\/div>\n\t\t\t\t<\/div>\n\t\t\t\t\t<\/div>\n\t\t<\/div>\n\t\t\t\t\t<\/div>\n\t\t<\/section>\n\t\t\t\t<\/div>\n\t\t","protected":false},"excerpt":{"rendered":"<p>Im Rahmen einer Woche zur Berufsorientierung waren interessierte Sch\u00fclerinnen und Sch\u00fcler der Carl-Dittler-Realschule in Remchingen gemeinsam mit ihrer Lehrerin f\u00fcr knapp zwei Stunden zu einer Betriebsbesichtigung bei IMO. <\/p>\n","protected":false},"author":15,"featured_media":17730,"comment_status":"closed","ping_status":"closed","sticky":false,"template":"elementor_header_footer","format":"standard","meta":{"footnotes":""},"categories":[59,34],"tags":[201,396,459,45,98,142],"class_list":["post-17741","post","type-post","status-publish","format-standard","has-post-thumbnail","hentry","category-events","category-news-en","tag-ausbildung-en","tag-berufsorientierung-en","tag-carl-dittler-realschule-en","tag-imo-en","tag-imo-oberflaechentechnik-en","tag-realschule-en","entry"],"yoast_head":"<!-- This site is optimized with the Yoast SEO plugin v28.3 - https:\/\/yoast.com\/product\/yoast-seo-wordpress\/ -->\n<title>Realsch\u00fcler zu Gast bei IMO - IMO Oberfl\u00e4chentechnik GmbH<\/title>\n<meta name=\"robots\" content=\"index, follow, max-snippet:-1, max-image-preview:large, max-video-preview:-1\" \/>\n<link rel=\"canonical\" href=\"https:\/\/www.imo-gmbh.com\/en\/realschueler-zu-gast-bei-imo\/\" \/>\n<meta property=\"og:locale\" content=\"en_US\" \/>\n<meta property=\"og:type\" content=\"article\" \/>\n<meta property=\"og:title\" content=\"Realsch\u00fcler zu Gast bei IMO - IMO Oberfl\u00e4chentechnik GmbH\" \/>\n<meta property=\"og:description\" content=\"Im Rahmen einer Woche zur Berufsorientierung waren interessierte Sch\u00fclerinnen und Sch\u00fcler der Carl-Dittler-Realschule in Remchingen gemeinsam mit ihrer Lehrerin f\u00fcr knapp zwei Stunden zu einer Betriebsbesichtigung bei IMO.\" \/>\n<meta property=\"og:url\" content=\"https:\/\/www.imo-gmbh.com\/en\/realschueler-zu-gast-bei-imo\/\" \/>\n<meta property=\"og:site_name\" content=\"IMO Oberfl\u00e4chentechnik GmbH\" \/>\n<meta property=\"article:published_time\" content=\"2024-02-23T07:17:07+00:00\" \/>\n<meta property=\"article:modified_time\" content=\"2024-02-23T07:17:09+00:00\" \/>\n<meta property=\"og:image\" content=\"https:\/\/www.imo-gmbh.com\/wp-content\/uploads\/2024\/02\/IMG_3175_ret_web_beitrag.jpg\" \/>\n\t<meta property=\"og:image:width\" content=\"800\" \/>\n\t<meta property=\"og:image:height\" content=\"600\" \/>\n\t<meta property=\"og:image:type\" content=\"image\/jpeg\" \/>\n<meta name=\"author\" content=\"Iris Mittelst\u00e4dt\" \/>\n<meta name=\"twitter:card\" content=\"summary_large_image\" \/>\n<meta name=\"twitter:label1\" content=\"Written by\" \/>\n\t<meta name=\"twitter:data1\" content=\"Iris Mittelst\u00e4dt\" \/>\n\t<meta name=\"twitter:label2\" content=\"Est. reading time\" \/>\n\t<meta name=\"twitter:data2\" content=\"1 minute\" \/>\n<script type=\"application\/ld+json\" class=\"yoast-schema-graph\">{\"@context\":\"https:\\\/\\\/schema.org\",\"@graph\":[{\"@type\":\"Article\",\"@id\":\"https:\\\/\\\/www.imo-gmbh.com\\\/en\\\/realschueler-zu-gast-bei-imo\\\/#article\",\"isPartOf\":{\"@id\":\"https:\\\/\\\/www.imo-gmbh.com\\\/en\\\/realschueler-zu-gast-bei-imo\\\/\"},\"author\":{\"name\":\"Iris Mittelst\u00e4dt\",\"@id\":\"https:\\\/\\\/www.imo-gmbh.com\\\/en\\\/#\\\/schema\\\/person\\\/87c3ed1541f4fb28f213f4373819396d\"},\"headline\":\"Realsch\u00fcler zu Gast bei IMO\",\"datePublished\":\"2024-02-23T07:17:07+00:00\",\"dateModified\":\"2024-02-23T07:17:09+00:00\",\"mainEntityOfPage\":{\"@id\":\"https:\\\/\\\/www.imo-gmbh.com\\\/en\\\/realschueler-zu-gast-bei-imo\\\/\"},\"wordCount\":184,\"publisher\":{\"@id\":\"https:\\\/\\\/www.imo-gmbh.com\\\/en\\\/#organization\"},\"image\":{\"@id\":\"https:\\\/\\\/www.imo-gmbh.com\\\/en\\\/realschueler-zu-gast-bei-imo\\\/#primaryimage\"},\"thumbnailUrl\":\"https:\\\/\\\/www.imo-gmbh.com\\\/wp-content\\\/uploads\\\/2024\\\/02\\\/IMG_3175_ret_web_beitrag.jpg\",\"keywords\":[\"Ausbildung\",\"Berufsorientierung\",\"Carl-Dittler-Realschule\",\"IMO\",\"IMO Oberfl\u00e4chentechnik\",\"Realschule\"],\"articleSection\":[\"Events\",\"News\"],\"inLanguage\":\"en-US\"},{\"@type\":\"WebPage\",\"@id\":\"https:\\\/\\\/www.imo-gmbh.com\\\/en\\\/realschueler-zu-gast-bei-imo\\\/\",\"url\":\"https:\\\/\\\/www.imo-gmbh.com\\\/en\\\/realschueler-zu-gast-bei-imo\\\/\",\"name\":\"Realsch\u00fcler zu Gast bei IMO - IMO Oberfl\u00e4chentechnik GmbH\",\"isPartOf\":{\"@id\":\"https:\\\/\\\/www.imo-gmbh.com\\\/en\\\/#website\"},\"primaryImageOfPage\":{\"@id\":\"https:\\\/\\\/www.imo-gmbh.com\\\/en\\\/realschueler-zu-gast-bei-imo\\\/#primaryimage\"},\"image\":{\"@id\":\"https:\\\/\\\/www.imo-gmbh.com\\\/en\\\/realschueler-zu-gast-bei-imo\\\/#primaryimage\"},\"thumbnailUrl\":\"https:\\\/\\\/www.imo-gmbh.com\\\/wp-content\\\/uploads\\\/2024\\\/02\\\/IMG_3175_ret_web_beitrag.jpg\",\"datePublished\":\"2024-02-23T07:17:07+00:00\",\"dateModified\":\"2024-02-23T07:17:09+00:00\",\"breadcrumb\":{\"@id\":\"https:\\\/\\\/www.imo-gmbh.com\\\/en\\\/realschueler-zu-gast-bei-imo\\\/#breadcrumb\"},\"inLanguage\":\"en-US\",\"potentialAction\":[{\"@type\":\"ReadAction\",\"target\":[\"https:\\\/\\\/www.imo-gmbh.com\\\/en\\\/realschueler-zu-gast-bei-imo\\\/\"]}]},{\"@type\":\"ImageObject\",\"inLanguage\":\"en-US\",\"@id\":\"https:\\\/\\\/www.imo-gmbh.com\\\/en\\\/realschueler-zu-gast-bei-imo\\\/#primaryimage\",\"url\":\"https:\\\/\\\/www.imo-gmbh.com\\\/wp-content\\\/uploads\\\/2024\\\/02\\\/IMG_3175_ret_web_beitrag.jpg\",\"contentUrl\":\"https:\\\/\\\/www.imo-gmbh.com\\\/wp-content\\\/uploads\\\/2024\\\/02\\\/IMG_3175_ret_web_beitrag.jpg\",\"width\":800,\"height\":600,\"caption\":\"Berufsorientierung bei IMO\"},{\"@type\":\"BreadcrumbList\",\"@id\":\"https:\\\/\\\/www.imo-gmbh.com\\\/en\\\/realschueler-zu-gast-bei-imo\\\/#breadcrumb\",\"itemListElement\":[{\"@type\":\"ListItem\",\"position\":1,\"name\":\"Startseite\",\"item\":\"https:\\\/\\\/www.imo-gmbh.com\\\/en\\\/\"},{\"@type\":\"ListItem\",\"position\":2,\"name\":\"Realsch\u00fcler zu Gast bei IMO\"}]},{\"@type\":\"WebSite\",\"@id\":\"https:\\\/\\\/www.imo-gmbh.com\\\/en\\\/#website\",\"url\":\"https:\\\/\\\/www.imo-gmbh.com\\\/en\\\/\",\"name\":\"IMO Oberfl\u00e4chentechnik GmbH\",\"description\":\"Eine weitere WordPress-Website\",\"publisher\":{\"@id\":\"https:\\\/\\\/www.imo-gmbh.com\\\/en\\\/#organization\"},\"potentialAction\":[{\"@type\":\"SearchAction\",\"target\":{\"@type\":\"EntryPoint\",\"urlTemplate\":\"https:\\\/\\\/www.imo-gmbh.com\\\/en\\\/?s={search_term_string}\"},\"query-input\":{\"@type\":\"PropertyValueSpecification\",\"valueRequired\":true,\"valueName\":\"search_term_string\"}}],\"inLanguage\":\"en-US\"},{\"@type\":\"Organization\",\"@id\":\"https:\\\/\\\/www.imo-gmbh.com\\\/en\\\/#organization\",\"name\":\"IMO Oberfl\u00e4chentechnik GmbH\",\"url\":\"https:\\\/\\\/www.imo-gmbh.com\\\/en\\\/\",\"logo\":{\"@type\":\"ImageObject\",\"inLanguage\":\"en-US\",\"@id\":\"https:\\\/\\\/www.imo-gmbh.com\\\/en\\\/#\\\/schema\\\/logo\\\/image\\\/\",\"url\":\"https:\\\/\\\/www.imo-gmbh.com\\\/wp-content\\\/uploads\\\/2019\\\/08\\\/imo-logo-rot.svg\",\"contentUrl\":\"https:\\\/\\\/www.imo-gmbh.com\\\/wp-content\\\/uploads\\\/2019\\\/08\\\/imo-logo-rot.svg\",\"width\":51,\"height\":168,\"caption\":\"IMO Oberfl\u00e4chentechnik GmbH\"},\"image\":{\"@id\":\"https:\\\/\\\/www.imo-gmbh.com\\\/en\\\/#\\\/schema\\\/logo\\\/image\\\/\"}},{\"@type\":\"Person\",\"@id\":\"https:\\\/\\\/www.imo-gmbh.com\\\/en\\\/#\\\/schema\\\/person\\\/87c3ed1541f4fb28f213f4373819396d\",\"name\":\"Iris Mittelst\u00e4dt\",\"sameAs\":[\"https:\\\/\\\/www.imo-gmbh.com\"]}]}<\/script>\n<!-- \/ Yoast SEO plugin. -->","yoast_head_json":{"title":"Realsch\u00fcler zu Gast bei IMO - IMO Oberfl\u00e4chentechnik GmbH","robots":{"index":"index","follow":"follow","max-snippet":"max-snippet:-1","max-image-preview":"max-image-preview:large","max-video-preview":"max-video-preview:-1"},"canonical":"https:\/\/www.imo-gmbh.com\/en\/realschueler-zu-gast-bei-imo\/","og_locale":"en_US","og_type":"article","og_title":"Realsch\u00fcler zu Gast bei IMO - IMO Oberfl\u00e4chentechnik GmbH","og_description":"Im Rahmen einer Woche zur Berufsorientierung waren interessierte Sch\u00fclerinnen und Sch\u00fcler der Carl-Dittler-Realschule in Remchingen gemeinsam mit ihrer Lehrerin f\u00fcr knapp zwei Stunden zu einer Betriebsbesichtigung bei IMO.","og_url":"https:\/\/www.imo-gmbh.com\/en\/realschueler-zu-gast-bei-imo\/","og_site_name":"IMO Oberfl\u00e4chentechnik GmbH","article_published_time":"2024-02-23T07:17:07+00:00","article_modified_time":"2024-02-23T07:17:09+00:00","og_image":[{"width":800,"height":600,"url":"https:\/\/www.imo-gmbh.com\/wp-content\/uploads\/2024\/02\/IMG_3175_ret_web_beitrag.jpg","type":"image\/jpeg"}],"author":"Iris Mittelst\u00e4dt","twitter_card":"summary_large_image","twitter_misc":{"Written by":"Iris Mittelst\u00e4dt","Est. reading time":"1 minute"},"schema":{"@context":"https:\/\/schema.org","@graph":[{"@type":"Article","@id":"https:\/\/www.imo-gmbh.com\/en\/realschueler-zu-gast-bei-imo\/#article","isPartOf":{"@id":"https:\/\/www.imo-gmbh.com\/en\/realschueler-zu-gast-bei-imo\/"},"author":{"name":"Iris Mittelst\u00e4dt","@id":"https:\/\/www.imo-gmbh.com\/en\/#\/schema\/person\/87c3ed1541f4fb28f213f4373819396d"},"headline":"Realsch\u00fcler zu Gast bei IMO","datePublished":"2024-02-23T07:17:07+00:00","dateModified":"2024-02-23T07:17:09+00:00","mainEntityOfPage":{"@id":"https:\/\/www.imo-gmbh.com\/en\/realschueler-zu-gast-bei-imo\/"},"wordCount":184,"publisher":{"@id":"https:\/\/www.imo-gmbh.com\/en\/#organization"},"image":{"@id":"https:\/\/www.imo-gmbh.com\/en\/realschueler-zu-gast-bei-imo\/#primaryimage"},"thumbnailUrl":"https:\/\/www.imo-gmbh.com\/wp-content\/uploads\/2024\/02\/IMG_3175_ret_web_beitrag.jpg","keywords":["Ausbildung","Berufsorientierung","Carl-Dittler-Realschule","IMO","IMO Oberfl\u00e4chentechnik","Realschule"],"articleSection":["Events","News"],"inLanguage":"en-US"},{"@type":"WebPage","@id":"https:\/\/www.imo-gmbh.com\/en\/realschueler-zu-gast-bei-imo\/","url":"https:\/\/www.imo-gmbh.com\/en\/realschueler-zu-gast-bei-imo\/","name":"Realsch\u00fcler zu Gast bei IMO - IMO Oberfl\u00e4chentechnik GmbH","isPartOf":{"@id":"https:\/\/www.imo-gmbh.com\/en\/#website"},"primaryImageOfPage":{"@id":"https:\/\/www.imo-gmbh.com\/en\/realschueler-zu-gast-bei-imo\/#primaryimage"},"image":{"@id":"https:\/\/www.imo-gmbh.com\/en\/realschueler-zu-gast-bei-imo\/#primaryimage"},"thumbnailUrl":"https:\/\/www.imo-gmbh.com\/wp-content\/uploads\/2024\/02\/IMG_3175_ret_web_beitrag.jpg","datePublished":"2024-02-23T07:17:07+00:00","dateModified":"2024-02-23T07:17:09+00:00","breadcrumb":{"@id":"https:\/\/www.imo-gmbh.com\/en\/realschueler-zu-gast-bei-imo\/#breadcrumb"},"inLanguage":"en-US","potentialAction":[{"@type":"ReadAction","target":["https:\/\/www.imo-gmbh.com\/en\/realschueler-zu-gast-bei-imo\/"]}]},{"@type":"ImageObject","inLanguage":"en-US","@id":"https:\/\/www.imo-gmbh.com\/en\/realschueler-zu-gast-bei-imo\/#primaryimage","url":"https:\/\/www.imo-gmbh.com\/wp-content\/uploads\/2024\/02\/IMG_3175_ret_web_beitrag.jpg","contentUrl":"https:\/\/www.imo-gmbh.com\/wp-content\/uploads\/2024\/02\/IMG_3175_ret_web_beitrag.jpg","width":800,"height":600,"caption":"Berufsorientierung bei IMO"},{"@type":"BreadcrumbList","@id":"https:\/\/www.imo-gmbh.com\/en\/realschueler-zu-gast-bei-imo\/#breadcrumb","itemListElement":[{"@type":"ListItem","position":1,"name":"Startseite","item":"https:\/\/www.imo-gmbh.com\/en\/"},{"@type":"ListItem","position":2,"name":"Realsch\u00fcler zu Gast bei IMO"}]},{"@type":"WebSite","@id":"https:\/\/www.imo-gmbh.com\/en\/#website","url":"https:\/\/www.imo-gmbh.com\/en\/","name":"IMO Oberfl\u00e4chentechnik GmbH","description":"Eine weitere WordPress-Website","publisher":{"@id":"https:\/\/www.imo-gmbh.com\/en\/#organization"},"potentialAction":[{"@type":"SearchAction","target":{"@type":"EntryPoint","urlTemplate":"https:\/\/www.imo-gmbh.com\/en\/?s={search_term_string}"},"query-input":{"@type":"PropertyValueSpecification","valueRequired":true,"valueName":"search_term_string"}}],"inLanguage":"en-US"},{"@type":"Organization","@id":"https:\/\/www.imo-gmbh.com\/en\/#organization","name":"IMO Oberfl\u00e4chentechnik GmbH","url":"https:\/\/www.imo-gmbh.com\/en\/","logo":{"@type":"ImageObject","inLanguage":"en-US","@id":"https:\/\/www.imo-gmbh.com\/en\/#\/schema\/logo\/image\/","url":"https:\/\/www.imo-gmbh.com\/wp-content\/uploads\/2019\/08\/imo-logo-rot.svg","contentUrl":"https:\/\/www.imo-gmbh.com\/wp-content\/uploads\/2019\/08\/imo-logo-rot.svg","width":51,"height":168,"caption":"IMO Oberfl\u00e4chentechnik GmbH"},"image":{"@id":"https:\/\/www.imo-gmbh.com\/en\/#\/schema\/logo\/image\/"}},{"@type":"Person","@id":"https:\/\/www.imo-gmbh.com\/en\/#\/schema\/person\/87c3ed1541f4fb28f213f4373819396d","name":"Iris Mittelst\u00e4dt","sameAs":["https:\/\/www.imo-gmbh.com"]}]}},"_links":{"self":[{"href":"https:\/\/www.imo-gmbh.com\/en\/wp-json\/wp\/v2\/posts\/17741","targetHints":{"allow":["GET"]}}],"collection":[{"href":"https:\/\/www.imo-gmbh.com\/en\/wp-json\/wp\/v2\/posts"}],"about":[{"href":"https:\/\/www.imo-gmbh.com\/en\/wp-json\/wp\/v2\/types\/post"}],"author":[{"embeddable":true,"href":"https:\/\/www.imo-gmbh.com\/en\/wp-json\/wp\/v2\/users\/15"}],"replies":[{"embeddable":true,"href":"https:\/\/www.imo-gmbh.com\/en\/wp-json\/wp\/v2\/comments?post=17741"}],"version-history":[{"count":0,"href":"https:\/\/www.imo-gmbh.com\/en\/wp-json\/wp\/v2\/posts\/17741\/revisions"}],"wp:featuredmedia":[{"embeddable":true,"href":"https:\/\/www.imo-gmbh.com\/en\/wp-json\/wp\/v2\/media\/17730"}],"wp:attachment":[{"href":"https:\/\/www.imo-gmbh.com\/en\/wp-json\/wp\/v2\/media?parent=17741"}],"wp:term":[{"taxonomy":"category","embeddable":true,"href":"https:\/\/www.imo-gmbh.com\/en\/wp-json\/wp\/v2\/categories?post=17741"},{"taxonomy":"post_tag","embeddable":true,"href":"https:\/\/www.imo-gmbh.com\/en\/wp-json\/wp\/v2\/tags?post=17741"}],"curies":[{"name":"wp","href":"https:\/\/api.w.org\/{rel}","templated":true}]}}