{"id":16230,"date":"2023-08-10T08:11:51","date_gmt":"2023-08-10T06:11:51","guid":{"rendered":"https:\/\/www.imo-gmbh.com\/imo-team-radelt-und-spendet\/"},"modified":"2023-08-10T08:11:57","modified_gmt":"2023-08-10T06:11:57","slug":"imo-team-radelt-und-spendet","status":"publish","type":"post","link":"https:\/\/www.imo-gmbh.com\/en\/imo-team-radelt-und-spendet\/","title":{"rendered":"IMO-TEAM RADELT UND SPENDET"},"content":{"rendered":"\t\t<div data-elementor-type=\"wp-post\" data-elementor-id=\"16230\" class=\"elementor elementor-16230 elementor-16027\" data-elementor-post-type=\"post\">\n\t\t\t\t\t\t<section data-particle_enable=\"false\" data-particle-mobile-disabled=\"false\" class=\"elementor-section elementor-top-section elementor-element elementor-element-6a9585a elementor-section-full_width elementor-section-height-default elementor-section-height-default\" data-id=\"6a9585a\" data-element_type=\"section\" data-e-type=\"section\" data-settings=\"{&quot;background_background&quot;:&quot;classic&quot;}\">\n\t\t\t\t\t\t<div class=\"elementor-container elementor-column-gap-no\">\n\t\t\t\t\t<div class=\"elementor-column elementor-col-100 elementor-top-column elementor-element elementor-element-7db26a0\" data-id=\"7db26a0\" data-element_type=\"column\" data-e-type=\"column\">\n\t\t\t<div class=\"elementor-widget-wrap elementor-element-populated\">\n\t\t\t\t\t\t<div class=\"elementor-element elementor-element-3487328f elementor--h-position-center elementor--v-position-middle elementor-pagination-position-inside elementor-widget elementor-widget-slides\" data-id=\"3487328f\" data-element_type=\"widget\" data-e-type=\"widget\" data-settings=\"{&quot;navigation&quot;:&quot;dots&quot;,&quot;autoplay&quot;:&quot;yes&quot;,&quot;pause_on_hover&quot;:&quot;yes&quot;,&quot;pause_on_interaction&quot;:&quot;yes&quot;,&quot;autoplay_speed&quot;:5000,&quot;infinite&quot;:&quot;yes&quot;,&quot;transition&quot;:&quot;slide&quot;,&quot;transition_speed&quot;:500}\" data-widget_type=\"slides.default\">\n\t\t\t\t<div class=\"elementor-widget-container\">\n\t\t\t\t\t\t\t\t\t<div class=\"elementor-swiper\">\n\t\t\t\t\t<div class=\"elementor-slides-wrapper elementor-main-swiper swiper\" role=\"region\" aria-roledescription=\"carousel\" aria-label=\"Slides\" dir=\"ltr\" data-animation=\"fadeInUp\">\n\t\t\t\t<div class=\"swiper-wrapper elementor-slides\">\n\t\t\t\t\t\t\t\t\t\t<div class=\"elementor-repeater-item-7c06743 swiper-slide\" role=\"group\" aria-roledescription=\"slide\"><div class=\"swiper-slide-bg\" role=\"img\" aria-label=\"Gruppe Personen Stadtradeln IMO 2023\"><\/div><div class=\"swiper-slide-inner\" ><div class=\"swiper-slide-contents\"><\/div><\/div><\/div>\t\t\t\t<\/div>\n\t\t\t\t\t\t\t<\/div>\n\t\t\t\t<\/div>\n\t\t\t\t\t\t\t\t<\/div>\n\t\t\t\t<\/div>\n\t\t\t\t\t<\/div>\n\t\t<\/div>\n\t\t\t\t\t<\/div>\n\t\t<\/section>\n\t\t\t\t<section data-particle_enable=\"false\" data-particle-mobile-disabled=\"false\" class=\"elementor-section elementor-top-section elementor-element elementor-element-6d208e5c elementor-section-boxed elementor-section-height-default elementor-section-height-default\" data-id=\"6d208e5c\" data-element_type=\"section\" data-e-type=\"section\" data-settings=\"{&quot;background_background&quot;:&quot;classic&quot;}\">\n\t\t\t\t\t\t<div class=\"elementor-container elementor-column-gap-default\">\n\t\t\t\t\t<div class=\"elementor-column elementor-col-100 elementor-top-column elementor-element elementor-element-1258cafd\" data-id=\"1258cafd\" data-element_type=\"column\" data-e-type=\"column\">\n\t\t\t<div class=\"elementor-widget-wrap elementor-element-populated\">\n\t\t\t\t\t\t<div class=\"elementor-element elementor-element-4f91a3c6 balken-headline-schwarz elementor-widget elementor-widget-heading\" data-id=\"4f91a3c6\" data-element_type=\"widget\" data-e-type=\"widget\" data-widget_type=\"heading.default\">\n\t\t\t\t<div class=\"elementor-widget-container\">\n\t\t\t\t\t<h3 class=\"elementor-heading-title elementor-size-default\">10. August 2023<\/h3>\t\t\t\t<\/div>\n\t\t\t\t<\/div>\n\t\t\t\t<div class=\"elementor-element elementor-element-41f8793c balken-headline-rot elementor-widget elementor-widget-heading\" data-id=\"41f8793c\" data-element_type=\"widget\" data-e-type=\"widget\" data-widget_type=\"heading.default\">\n\t\t\t\t<div class=\"elementor-widget-container\">\n\t\t\t\t\t<h2 class=\"elementor-heading-title elementor-size-default\">IMO-TEAM RADELT UND SPENDET <\/h2>\t\t\t\t<\/div>\n\t\t\t\t<\/div>\n\t\t\t\t\t<\/div>\n\t\t<\/div>\n\t\t\t\t\t<\/div>\n\t\t<\/section>\n\t\t\t\t<section data-particle_enable=\"false\" data-particle-mobile-disabled=\"false\" class=\"elementor-section elementor-top-section elementor-element elementor-element-7a76968d elementor-section-boxed elementor-section-height-default elementor-section-height-default\" data-id=\"7a76968d\" data-element_type=\"section\" data-e-type=\"section\" data-settings=\"{&quot;background_background&quot;:&quot;classic&quot;}\">\n\t\t\t\t\t\t<div class=\"elementor-container elementor-column-gap-default\">\n\t\t\t\t\t<div class=\"elementor-column elementor-col-50 elementor-top-column elementor-element elementor-element-5bfc4dea\" data-id=\"5bfc4dea\" data-element_type=\"column\" data-e-type=\"column\">\n\t\t\t<div class=\"elementor-widget-wrap elementor-element-populated\">\n\t\t\t\t\t\t<div class=\"elementor-element elementor-element-8f84ea7 elementor-widget elementor-widget-text-editor\" data-id=\"8f84ea7\" data-element_type=\"widget\" data-e-type=\"widget\" data-widget_type=\"text-editor.default\">\n\t\t\t\t<div class=\"elementor-widget-container\">\n\t\t\t\t\t\t\t\t\t<p><strong>STADTRADELN 2023 \u2013 auf die R\u00e4der, fertig los!<\/strong><\/p>\n<p>Bereits zum dritten Mal hat das IMO-Team in diesem Jahr beim Stadtradeln teilgenommen. 40 Kolleginnen und Kollegen traten aktiv in die Pedale und legten im Aktionszeitraum <strong>mehr als 10.500 Kilometer<\/strong> auf ihren Fahrr\u00e4dern zur\u00fcck. Dies ist eine Steigerung sowohl bei der Teilnehmerzahl als auch in der Anzahl der Gesamtkilometer. Auch, wenn das hochgesteckte Ziel von 15.000 Kilometern nicht ganz erreicht wurde, liegt das Team deutlich \u00fcber dem Ergebnis vom vorangegangenen Jahr. \u201eWie zuvor angek\u00fcndigt <strong>spenden wir abh\u00e4ngig von der Menge der gefahrenen Kilometer eine Summe f\u00fcr den guten Zweck<\/strong>\u201c, sagt IMO-Gesch\u00e4ftsf\u00fchrer Bernd M\u00fcller und erkl\u00e4rt: \u201eF\u00fcr die gefahrene Kilometer runden wir die Spendensumme auf und verteilen <strong>erneut 9.000 Euro<\/strong> unter drei sozialen Einrichtungen.\u201c<\/p>\n<p>Somit erhalten sowohl die Diakonie Remchingen zur Anschaffung eines VW Caddy f\u00fcr Transportfahrten als auch der SVK K\u00f6nigsbach f\u00fcr anstehende Projekte und die Jugendarbeit jeweils 3.000 Euro. Nach Absprache mit dem Team der IMO Stadtradler geht das letzte Drittel der Spendensumme an zwei verschiedene Empf\u00e4nger: Der Volleyballclub K\u00f6nigsbach erh\u00e4lt 1.500 Euro f\u00fcr dringende Anschaffungen wie B\u00e4lle, Netze und weiteres Equipment ebenso wie das Projekt \u201eStra\u00dfenengel Pforzheim\u201c, das Menschen in Not unterst\u00fctzt.<\/p>\n<p>Unter der Leitung von Teamkapit\u00e4n Viktor Hecht, aus der IMO Instandhaltung, unternahmen die Kolleginnen und Kollegen drei gemeinsame Radtouren. Au\u00dferdem radelte jeder f\u00fcr sich im Alltag. So konnte das Team gemeinsam umgerechnet <strong>mehr als 1.700 Kilogramm CO2-Aussto\u00df vermeiden<\/strong>. In der Gemeinde K\u00f6nigsbach-Stein belegte es somit <strong>einen tollen 2. Platz<\/strong> \u2013 sowohl bei den insgesamt geradelten Kilometern, als auch bei den aktiven Radelnden und der CO2-Vermeidung. Herausragender Radler im Team war Volker Schlake-Maidel, unser IMO-Abteilungsleiter Band aus Halle 0. Er radelte allein 1.319 Kilometer und belegte damit den zweiten Platz in K\u00f6nigsbach. Teamkapit\u00e4n Viktor Hecht zeigt sich sehr zufrieden mit dem Ergebnis und der Steigerung im Vergleich zu den Vorjahren: \u201eIch bedanke mich ganz herzlich bei allen Mitradelnden und nat\u00fcrlich bei IMO und Bernd M\u00fcller f\u00fcr die gro\u00dfz\u00fcgige Spende!\u201c Zum Beginn des Aktionszeitraums erhielt jeder IMO-Stadtradler ein passendes Rad-Trikot und zum Abschluss eine stylische IMO-Sonnenbrille f\u00fcr kommende Radtouren als Dankesch\u00f6n.<\/p>\n\t\t\t\t\t\t\t\t<\/div>\n\t\t\t\t<\/div>\n\t\t\t\t\t<\/div>\n\t\t<\/div>\n\t\t\t\t<div class=\"elementor-column elementor-col-50 elementor-top-column elementor-element elementor-element-76629a94\" data-id=\"76629a94\" data-element_type=\"column\" data-e-type=\"column\" data-settings=\"{&quot;background_background&quot;:&quot;classic&quot;}\">\n\t\t\t<div class=\"elementor-widget-wrap elementor-element-populated\">\n\t\t\t\t\t\t<div class=\"elementor-element elementor-element-786811d6 elementor-widget elementor-widget-text-editor\" data-id=\"786811d6\" data-element_type=\"widget\" data-e-type=\"widget\" data-widget_type=\"text-editor.default\">\n\t\t\t\t<div class=\"elementor-widget-container\">\n\t\t\t\t\t\t\t\t\t<p><strong style=\"letter-spacing: 0.1px;\">Teilen:<\/strong><\/p>\n\t\t\t\t\t\t\t\t<\/div>\n\t\t\t\t<\/div>\n\t\t\t\t<div class=\"elementor-element elementor-element-22ad59c1 elementor-share-buttons--view-icon elementor-share-buttons--skin-flat elementor-share-buttons--shape-circle elementor-share-buttons--color-custom elementor-grid-0 elementor-widget elementor-widget-share-buttons\" data-id=\"22ad59c1\" data-element_type=\"widget\" data-e-type=\"widget\" data-widget_type=\"share-buttons.default\">\n\t\t\t\t<div class=\"elementor-widget-container\">\n\t\t\t\t\t\t\t<div class=\"elementor-grid\" role=\"list\">\n\t\t\t\t\t\t\t\t<div class=\"elementor-grid-item\" role=\"listitem\">\n\t\t\t\t\t\t<div class=\"elementor-share-btn elementor-share-btn_facebook\" role=\"button\" tabindex=\"0\" aria-label=\"Share on facebook\">\n\t\t\t\t\t\t\t\t\t\t\t\t\t\t\t<span class=\"elementor-share-btn__icon\">\n\t\t\t\t\t\t\t\t<i class=\"fab fa-facebook\" aria-hidden=\"true\"><\/i>\t\t\t\t\t\t\t<\/span>\n\t\t\t\t\t\t\t\t\t\t\t\t\t\t\t\t\t\t\t\t<\/div>\n\t\t\t\t\t<\/div>\n\t\t\t\t\t\t\t\t\t<div class=\"elementor-grid-item\" role=\"listitem\">\n\t\t\t\t\t\t<div class=\"elementor-share-btn elementor-share-btn_twitter\" role=\"button\" tabindex=\"0\" aria-label=\"Share on twitter\">\n\t\t\t\t\t\t\t\t\t\t\t\t\t\t\t<span class=\"elementor-share-btn__icon\">\n\t\t\t\t\t\t\t\t<i class=\"fab fa-twitter\" aria-hidden=\"true\"><\/i>\t\t\t\t\t\t\t<\/span>\n\t\t\t\t\t\t\t\t\t\t\t\t\t\t\t\t\t\t\t\t<\/div>\n\t\t\t\t\t<\/div>\n\t\t\t\t\t\t\t\t\t<div class=\"elementor-grid-item\" role=\"listitem\">\n\t\t\t\t\t\t<div class=\"elementor-share-btn elementor-share-btn_linkedin\" role=\"button\" tabindex=\"0\" aria-label=\"Share on linkedin\">\n\t\t\t\t\t\t\t\t\t\t\t\t\t\t\t<span class=\"elementor-share-btn__icon\">\n\t\t\t\t\t\t\t\t<i class=\"fab fa-linkedin\" aria-hidden=\"true\"><\/i>\t\t\t\t\t\t\t<\/span>\n\t\t\t\t\t\t\t\t\t\t\t\t\t\t\t\t\t\t\t\t<\/div>\n\t\t\t\t\t<\/div>\n\t\t\t\t\t\t\t\t\t<div class=\"elementor-grid-item\" role=\"listitem\">\n\t\t\t\t\t\t<div class=\"elementor-share-btn elementor-share-btn_xing\" role=\"button\" tabindex=\"0\" aria-label=\"Share on xing\">\n\t\t\t\t\t\t\t\t\t\t\t\t\t\t\t<span class=\"elementor-share-btn__icon\">\n\t\t\t\t\t\t\t\t<i class=\"fab fa-xing\" aria-hidden=\"true\"><\/i>\t\t\t\t\t\t\t<\/span>\n\t\t\t\t\t\t\t\t\t\t\t\t\t\t\t\t\t\t\t\t<\/div>\n\t\t\t\t\t<\/div>\n\t\t\t\t\t\t<\/div>\n\t\t\t\t\t\t<\/div>\n\t\t\t\t<\/div>\n\t\t\t\t\t<\/div>\n\t\t<\/div>\n\t\t\t\t\t<\/div>\n\t\t<\/section>\n\t\t\t\t<section data-particle_enable=\"false\" data-particle-mobile-disabled=\"false\" class=\"elementor-section elementor-top-section elementor-element elementor-element-fd7538f elementor-section-boxed elementor-section-height-default elementor-section-height-default\" data-id=\"fd7538f\" data-element_type=\"section\" data-e-type=\"section\">\n\t\t\t\t\t\t<div class=\"elementor-container elementor-column-gap-no\">\n\t\t\t\t\t<div class=\"elementor-column elementor-col-100 elementor-top-column elementor-element elementor-element-296dba50\" data-id=\"296dba50\" data-element_type=\"column\" data-e-type=\"column\">\n\t\t\t<div class=\"elementor-widget-wrap elementor-element-populated\">\n\t\t\t\t\t\t<div class=\"elementor-element elementor-element-6cf8a53e elementor-align-left elementor-widget__width-auto elementor-fixed elementor-hidden-phone hidden elementor-widget elementor-widget-button\" data-id=\"6cf8a53e\" data-element_type=\"widget\" data-e-type=\"widget\" data-settings=\"{&quot;_position&quot;:&quot;fixed&quot;}\" data-widget_type=\"button.default\">\n\t\t\t\t<div class=\"elementor-widget-container\">\n\t\t\t\t\t\t\t\t\t<div class=\"elementor-button-wrapper\">\n\t\t\t\t\t<a class=\"elementor-button elementor-button-link elementor-size-xs\" href=\"#elementor-action%3Aaction%3Dpopup%3Aopen%26settings%3DeyJpZCI6NTY2OCwidG9nZ2xlIjpmYWxzZX0%3D\">\n\t\t\t\t\t\t<span class=\"elementor-button-content-wrapper\">\n\t\t\t\t\t\t<span class=\"elementor-button-icon\">\n\t\t\t\t<i aria-hidden=\"true\" class=\"fas fa-mail-bulk\"><\/i>\t\t\t<\/span>\n\t\t\t\t\t\t\t\t<\/span>\n\t\t\t\t\t<\/a>\n\t\t\t\t<\/div>\n\t\t\t\t\t\t\t\t<\/div>\n\t\t\t\t<\/div>\n\t\t\t\t<div class=\"elementor-element elementor-element-23a1a560 elementor-view-stacked elementor-shape-square elementor-widget__width-initial elementor-fixed elementor-widget elementor-widget-icon\" data-id=\"23a1a560\" data-element_type=\"widget\" data-e-type=\"widget\" data-settings=\"{&quot;motion_fx_motion_fx_scrolling&quot;:&quot;yes&quot;,&quot;motion_fx_opacity_effect&quot;:&quot;yes&quot;,&quot;motion_fx_opacity_range&quot;:{&quot;unit&quot;:&quot;%&quot;,&quot;size&quot;:&quot;&quot;,&quot;sizes&quot;:{&quot;start&quot;:15,&quot;end&quot;:20}},&quot;motion_fx_range&quot;:&quot;page&quot;,&quot;_animation&quot;:&quot;none&quot;,&quot;_position&quot;:&quot;fixed&quot;,&quot;motion_fx_opacity_direction&quot;:&quot;out-in&quot;,&quot;motion_fx_opacity_level&quot;:{&quot;unit&quot;:&quot;px&quot;,&quot;size&quot;:10,&quot;sizes&quot;:[]},&quot;motion_fx_devices&quot;:[&quot;desktop&quot;,&quot;tablet&quot;,&quot;mobile&quot;]}\" data-widget_type=\"icon.default\">\n\t\t\t\t<div class=\"elementor-widget-container\">\n\t\t\t\t\t\t\t<div class=\"elementor-icon-wrapper\">\n\t\t\t<a class=\"elementor-icon elementor-animation-grow\" href=\"#top\">\n\t\t\t<i aria-hidden=\"true\" class=\"fas fa-angle-double-up\"><\/i>\t\t\t<\/a>\n\t\t<\/div>\n\t\t\t\t\t\t<\/div>\n\t\t\t\t<\/div>\n\t\t\t\t\t<\/div>\n\t\t<\/div>\n\t\t\t\t\t<\/div>\n\t\t<\/section>\n\t\t\t\t<section data-particle_enable=\"false\" data-particle-mobile-disabled=\"false\" class=\"elementor-section elementor-top-section elementor-element elementor-element-7cbf5199 elementor-section-boxed elementor-section-height-default elementor-section-height-default\" data-id=\"7cbf5199\" data-element_type=\"section\" data-e-type=\"section\">\n\t\t\t\t\t\t<div class=\"elementor-container elementor-column-gap-no\">\n\t\t\t\t\t<div class=\"elementor-column elementor-col-100 elementor-top-column elementor-element elementor-element-4177d2ae\" data-id=\"4177d2ae\" data-element_type=\"column\" data-e-type=\"column\" data-settings=\"{&quot;background_background&quot;:&quot;classic&quot;}\">\n\t\t\t<div class=\"elementor-widget-wrap elementor-element-populated\">\n\t\t\t\t\t\t<div class=\"elementor-element elementor-element-7c161410 balken-headline-schwarz zentriert elementor-widget elementor-widget-heading\" data-id=\"7c161410\" data-element_type=\"widget\" data-e-type=\"widget\" data-widget_type=\"heading.default\">\n\t\t\t\t<div class=\"elementor-widget-container\">\n\t\t\t\t\t<h3 class=\"elementor-heading-title elementor-size-default\">Aktuelles<\/h3>\t\t\t\t<\/div>\n\t\t\t\t<\/div>\n\t\t\t\t<div class=\"elementor-element elementor-element-6388dc2c balken-headline-rot zentriert elementor-widget elementor-widget-heading\" data-id=\"6388dc2c\" data-element_type=\"widget\" data-e-type=\"widget\" data-widget_type=\"heading.default\">\n\t\t\t\t<div class=\"elementor-widget-container\">\n\t\t\t\t\t<h2 class=\"elementor-heading-title elementor-size-default\">Das k\u00f6nnte Sie auch<\/h2>\t\t\t\t<\/div>\n\t\t\t\t<\/div>\n\t\t\t\t<div class=\"elementor-element elementor-element-23316950 balken-headline-rot zentriert elementor-widget elementor-widget-heading\" data-id=\"23316950\" data-element_type=\"widget\" data-e-type=\"widget\" data-widget_type=\"heading.default\">\n\t\t\t\t<div class=\"elementor-widget-container\">\n\t\t\t\t\t<h2 class=\"elementor-heading-title elementor-size-default\">interessieren<\/h2>\t\t\t\t<\/div>\n\t\t\t\t<\/div>\n\t\t\t\t\t<\/div>\n\t\t<\/div>\n\t\t\t\t\t<\/div>\n\t\t<\/section>\n\t\t\t\t<section data-particle_enable=\"false\" data-particle-mobile-disabled=\"false\" class=\"elementor-section elementor-top-section elementor-element elementor-element-48b963cf elementor-section-boxed elementor-section-height-default elementor-section-height-default\" data-id=\"48b963cf\" data-element_type=\"section\" data-e-type=\"section\">\n\t\t\t\t\t\t<div class=\"elementor-container elementor-column-gap-no\">\n\t\t\t\t\t<div class=\"elementor-column elementor-col-100 elementor-top-column elementor-element elementor-element-6578ce3\" data-id=\"6578ce3\" data-element_type=\"column\" data-e-type=\"column\">\n\t\t\t<div class=\"elementor-widget-wrap elementor-element-populated\">\n\t\t\t\t\t\t<div class=\"elementor-element elementor-element-515e3d9d elementor-grid-tablet-1 elementor-grid-3 elementor-grid-mobile-1 elementor-posts--thumbnail-top elementor-card-shadow-yes elementor-posts__hover-gradient elementor-widget elementor-widget-posts\" data-id=\"515e3d9d\" data-element_type=\"widget\" data-e-type=\"widget\" data-settings=\"{&quot;cards_columns_tablet&quot;:&quot;1&quot;,&quot;cards_columns&quot;:&quot;3&quot;,&quot;cards_columns_mobile&quot;:&quot;1&quot;,&quot;cards_row_gap&quot;:{&quot;unit&quot;:&quot;px&quot;,&quot;size&quot;:35,&quot;sizes&quot;:[]},&quot;cards_row_gap_tablet&quot;:{&quot;unit&quot;:&quot;px&quot;,&quot;size&quot;:&quot;&quot;,&quot;sizes&quot;:[]},&quot;cards_row_gap_mobile&quot;:{&quot;unit&quot;:&quot;px&quot;,&quot;size&quot;:&quot;&quot;,&quot;sizes&quot;:[]}}\" data-widget_type=\"posts.cards\">\n\t\t\t\t<div class=\"elementor-widget-container\">\n\t\t\t\t\t\t\t<div class=\"elementor-posts-container elementor-posts elementor-posts--skin-cards elementor-grid\" role=\"list\">\n\t\t\t\t<article class=\"elementor-post elementor-grid-item post-20610 post type-post status-publish format-standard has-post-thumbnail hentry category-news-en tag-heynlinschule-en tag-imo-en tag-oekomobil-en entry\" role=\"listitem\">\n\t\t\t<div class=\"elementor-post__card\">\n\t\t\t\t<a class=\"elementor-post__thumbnail__link\" href=\"https:\/\/www.imo-gmbh.com\/en\/the-oekomobil-at-the-kaempfelbach\/\" tabindex=\"-1\" ><div class=\"elementor-post__thumbnail\"><img fetchpriority=\"high\" decoding=\"async\" width=\"640\" height=\"480\" src=\"https:\/\/www.imo-gmbh.com\/wp-content\/uploads\/2026\/07\/Oekomobil_Beitragsbild_800x600-768x576.jpg\" class=\"attachment-medium_large size-medium_large wp-image-20600\" alt=\"\u00d6komobil bei IMO\" srcset=\"https:\/\/www.imo-gmbh.com\/wp-content\/uploads\/2026\/07\/Oekomobil_Beitragsbild_800x600-768x576.jpg 768w, https:\/\/www.imo-gmbh.com\/wp-content\/uploads\/2026\/07\/Oekomobil_Beitragsbild_800x600-300x225.jpg 300w, https:\/\/www.imo-gmbh.com\/wp-content\/uploads\/2026\/07\/Oekomobil_Beitragsbild_800x600.jpg 800w\" sizes=\"(max-width: 34.9rem) calc(100vw - 2rem), (max-width: 53rem) calc(8 * (100vw \/ 12)), (min-width: 53rem) calc(6 * (100vw \/ 12)), 100vw\" \/><\/div><\/a>\n\t\t\t\t<div class=\"elementor-post__badge\">News<\/div>\n\t\t\t\t<div class=\"elementor-post__text\">\n\t\t\t\t<h3 class=\"elementor-post__title\">\n\t\t\t<a href=\"https:\/\/www.imo-gmbh.com\/en\/the-oekomobil-at-the-kaempfelbach\/\" >\n\t\t\t\tThe \u00d6komobil at the K\u00e4mpfelbach\t\t\t<\/a>\n\t\t<\/h3>\n\t\t\t\t<div class=\"elementor-post__excerpt\">\n\t\t\t<p>When a group of pupils, kitted out in wellies and armed with landing nets, are out and about in the K\u00e4mpfelbach in the Allmendwiesen, it means the \u00d6komobil is visiting IMO once again. Pupils from the Heynlin School had the opportunity to explore the \u2018stream\u2019 habitat under the guidance of biologist Juliane Zimmermann. <\/p>\n\t\t<\/div>\n\t\t\n\t\t<a class=\"elementor-post__read-more\" href=\"https:\/\/www.imo-gmbh.com\/en\/the-oekomobil-at-the-kaempfelbach\/\" aria-label=\"Read more about The \u00d6komobil at the K\u00e4mpfelbach\" tabindex=\"-1\" >\n\t\t\tRead More \u00bb\t\t<\/a>\n\n\t\t\t\t<\/div>\n\t\t\t\t<div class=\"elementor-post__meta-data\">\n\t\t\t\t\t<span class=\"elementor-post-date\">\n\t\t\t3. July 2026\t\t<\/span>\n\t\t\t\t<\/div>\n\t\t\t\t\t<\/div>\n\t\t<\/article>\n\t\t\t\t<article class=\"elementor-post elementor-grid-item post-20578 post type-post status-publish format-standard has-post-thumbnail hentry category-news-en tag-girls-day-en tag-girls-day-2026 tag-girls-day-at-imo tag-imo-en tag-surface-technology entry\" role=\"listitem\">\n\t\t\t<div class=\"elementor-post__card\">\n\t\t\t\t<a class=\"elementor-post__thumbnail__link\" href=\"https:\/\/www.imo-gmbh.com\/en\/that-was-2026-stanztec\/\" tabindex=\"-1\" ><div class=\"elementor-post__thumbnail\"><img decoding=\"async\" width=\"640\" height=\"480\" src=\"https:\/\/www.imo-gmbh.com\/wp-content\/uploads\/2026\/06\/Rueckblick_Stanztec_Beitrag-768x576.jpg\" class=\"attachment-medium_large size-medium_large wp-image-20569\" alt=\"R\u00fcckblick Stanztec in Pforzheim\nBranchentreff f\u00fcr die Stanztechnik\" srcset=\"https:\/\/www.imo-gmbh.com\/wp-content\/uploads\/2026\/06\/Rueckblick_Stanztec_Beitrag-768x576.jpg 768w, https:\/\/www.imo-gmbh.com\/wp-content\/uploads\/2026\/06\/Rueckblick_Stanztec_Beitrag-300x225.jpg 300w, https:\/\/www.imo-gmbh.com\/wp-content\/uploads\/2026\/06\/Rueckblick_Stanztec_Beitrag.jpg 800w\" sizes=\"(max-width: 34.9rem) calc(100vw - 2rem), (max-width: 53rem) calc(8 * (100vw \/ 12)), (min-width: 53rem) calc(6 * (100vw \/ 12)), 100vw\" \/><\/div><\/a>\n\t\t\t\t<div class=\"elementor-post__badge\">News<\/div>\n\t\t\t\t<div class=\"elementor-post__text\">\n\t\t\t\t<h3 class=\"elementor-post__title\">\n\t\t\t<a href=\"https:\/\/www.imo-gmbh.com\/en\/that-was-2026-stanztec\/\" >\n\t\t\t\tReview: Stanztec 2026\t\t\t<\/a>\n\t\t<\/h3>\n\t\t\t\t<div class=\"elementor-post__excerpt\">\n\t\t\t<p>In mid-June, the stamping industry gathered in Pforzheim for the eighth time. More than 130 exhibitors showcased their products, solutions and services across an area of around 4,000 m\u00b2. At the IMO stand, we used the three days of the trade fair to engage in in-depth and personal discussions with our customers. <\/p>\n\t\t<\/div>\n\t\t\n\t\t<a class=\"elementor-post__read-more\" href=\"https:\/\/www.imo-gmbh.com\/en\/that-was-2026-stanztec\/\" aria-label=\"Read more about Review: Stanztec 2026\" tabindex=\"-1\" >\n\t\t\tRead More \u00bb\t\t<\/a>\n\n\t\t\t\t<\/div>\n\t\t\t\t<div class=\"elementor-post__meta-data\">\n\t\t\t\t\t<span class=\"elementor-post-date\">\n\t\t\t23. June 2026\t\t<\/span>\n\t\t\t\t<\/div>\n\t\t\t\t\t<\/div>\n\t\t<\/article>\n\t\t\t\t<article class=\"elementor-post elementor-grid-item post-20482 post type-post status-publish format-standard has-post-thumbnail hentry category-news-en tag-girls-day-en tag-girls-day-2026 tag-girls-day-at-imo tag-imo-en tag-surface-technology entry\" role=\"listitem\">\n\t\t\t<div class=\"elementor-post__card\">\n\t\t\t\t<a class=\"elementor-post__thumbnail__link\" href=\"https:\/\/www.imo-gmbh.com\/en\/review-girls-day-2026\/\" tabindex=\"-1\" ><div class=\"elementor-post__thumbnail\"><img decoding=\"async\" width=\"640\" height=\"480\" src=\"https:\/\/www.imo-gmbh.com\/wp-content\/uploads\/2026\/04\/GirlsDay2026_Beitragsbild_800x600-768x576.jpg\" class=\"attachment-medium_large size-medium_large wp-image-20473\" alt=\"Girls\u2019 Day 2026 bei Firma IMO \u2013 Gl\u00e4nzende Einblicke in die Oberfl\u00e4chenbeschichtung\" srcset=\"https:\/\/www.imo-gmbh.com\/wp-content\/uploads\/2026\/04\/GirlsDay2026_Beitragsbild_800x600-768x576.jpg 768w, https:\/\/www.imo-gmbh.com\/wp-content\/uploads\/2026\/04\/GirlsDay2026_Beitragsbild_800x600-300x225.jpg 300w, https:\/\/www.imo-gmbh.com\/wp-content\/uploads\/2026\/04\/GirlsDay2026_Beitragsbild_800x600.jpg 800w\" sizes=\"(max-width: 34.9rem) calc(100vw - 2rem), (max-width: 53rem) calc(8 * (100vw \/ 12)), (min-width: 53rem) calc(6 * (100vw \/ 12)), 100vw\" \/><\/div><\/a>\n\t\t\t\t<div class=\"elementor-post__badge\">News<\/div>\n\t\t\t\t<div class=\"elementor-post__text\">\n\t\t\t\t<h3 class=\"elementor-post__title\">\n\t\t\t<a href=\"https:\/\/www.imo-gmbh.com\/en\/review-girls-day-2026\/\" >\n\t\t\t\tReview: Girls&#8217; Day 2026\t\t\t<\/a>\n\t\t<\/h3>\n\t\t\t\t<div class=\"elementor-post__excerpt\">\n\t\t\t<p>On the nationwide Girls\u2019 Day 2026, we at IMO also opened our doors to interested female students and gave them the opportunity to get an up-close look at our company and the world of work \u2014 in our case, the profession of surface coater. <\/p>\n\t\t<\/div>\n\t\t\n\t\t<a class=\"elementor-post__read-more\" href=\"https:\/\/www.imo-gmbh.com\/en\/review-girls-day-2026\/\" aria-label=\"Read more about Review: Girls&#8217; Day 2026\" tabindex=\"-1\" >\n\t\t\tRead More \u00bb\t\t<\/a>\n\n\t\t\t\t<\/div>\n\t\t\t\t<div class=\"elementor-post__meta-data\">\n\t\t\t\t\t<span class=\"elementor-post-date\">\n\t\t\t28. April 2026\t\t<\/span>\n\t\t\t\t<\/div>\n\t\t\t\t\t<\/div>\n\t\t<\/article>\n\t\t\t\t<\/div>\n\t\t\n\t\t\t\t\t\t<\/div>\n\t\t\t\t<\/div>\n\t\t\t\t\t<\/div>\n\t\t<\/div>\n\t\t\t\t\t<\/div>\n\t\t<\/section>\n\t\t\t\t<section data-particle_enable=\"false\" data-particle-mobile-disabled=\"false\" class=\"elementor-section elementor-top-section elementor-element elementor-element-35a17ee2 kontakt kontakt-teaser elementor-section-boxed elementor-section-height-default elementor-section-height-default\" data-id=\"35a17ee2\" data-element_type=\"section\" data-e-type=\"section\" data-settings=\"{&quot;background_background&quot;:&quot;classic&quot;}\">\n\t\t\t\t\t\t<div class=\"elementor-container elementor-column-gap-no\">\n\t\t\t\t\t<div class=\"elementor-column elementor-col-50 elementor-top-column elementor-element elementor-element-66f92c22\" data-id=\"66f92c22\" data-element_type=\"column\" data-e-type=\"column\">\n\t\t\t<div class=\"elementor-widget-wrap elementor-element-populated\">\n\t\t\t\t\t\t<div class=\"elementor-element elementor-element-29f5f27d elementor-widget elementor-widget-image\" data-id=\"29f5f27d\" data-element_type=\"widget\" data-e-type=\"widget\" data-widget_type=\"image.default\">\n\t\t\t\t<div class=\"elementor-widget-container\">\n\t\t\t\t\t\t\t\t\t\t\t\t\t\t\t<img loading=\"lazy\" decoding=\"async\" width=\"900\" height=\"900\" src=\"https:\/\/www.imo-gmbh.com\/wp-content\/uploads\/2019\/10\/imo-startseite-kontakt-bischoff.png\" class=\"attachment-full size-full wp-image-5291\" alt=\"\" srcset=\"https:\/\/www.imo-gmbh.com\/wp-content\/uploads\/2019\/10\/imo-startseite-kontakt-bischoff.png 900w, https:\/\/www.imo-gmbh.com\/wp-content\/uploads\/2019\/10\/imo-startseite-kontakt-bischoff-150x150.png 150w, https:\/\/www.imo-gmbh.com\/wp-content\/uploads\/2019\/10\/imo-startseite-kontakt-bischoff-300x300.png 300w, https:\/\/www.imo-gmbh.com\/wp-content\/uploads\/2019\/10\/imo-startseite-kontakt-bischoff-768x768.png 768w\" sizes=\"(max-width: 900px) 100vw, 900px\" \/>\t\t\t\t\t\t\t\t\t\t\t\t\t\t\t<\/div>\n\t\t\t\t<\/div>\n\t\t\t\t\t<\/div>\n\t\t<\/div>\n\t\t\t\t<div class=\"elementor-column elementor-col-50 elementor-top-column elementor-element elementor-element-26e6af9 background-white-mobile mobil-order-1\" data-id=\"26e6af9\" data-element_type=\"column\" data-e-type=\"column\">\n\t\t\t<div class=\"elementor-widget-wrap elementor-element-populated\">\n\t\t\t\t\t\t<div class=\"elementor-element elementor-element-2b31c212 elementor-widget elementor-widget-heading\" data-id=\"2b31c212\" data-element_type=\"widget\" data-e-type=\"widget\" data-widget_type=\"heading.default\">\n\t\t\t\t<div class=\"elementor-widget-container\">\n\t\t\t\t\t<h5 class=\"elementor-heading-title elementor-size-default\">CONTACT<\/h5>\t\t\t\t<\/div>\n\t\t\t\t<\/div>\n\t\t\t\t<div class=\"elementor-element elementor-element-172c3a3 elementor-widget elementor-widget-heading\" data-id=\"172c3a3\" data-element_type=\"widget\" data-e-type=\"widget\" data-widget_type=\"heading.default\">\n\t\t\t\t<div class=\"elementor-widget-container\">\n\t\t\t\t\t<h4 class=\"elementor-heading-title elementor-size-default\">IMO always here to help<\/h4>\t\t\t\t<\/div>\n\t\t\t\t<\/div>\n\t\t\t\t<div class=\"elementor-element elementor-element-201e71e5 padding-right-text elementor-widget elementor-widget-text-editor\" data-id=\"201e71e5\" data-element_type=\"widget\" data-e-type=\"widget\" data-widget_type=\"text-editor.default\">\n\t\t\t\t<div class=\"elementor-widget-container\">\n\t\t\t\t\t\t\t\t\t<p>Sie haben Fragen zu unserem Unternehmen oder w\u00fcnschen eine individuelle Beratung? Ob per E-Mail, Telefon oder unser Kontaktformular \u2013 wir helfen Ihnen gerne weiter.<\/p>\n\t\t\t\t\t\t\t\t<\/div>\n\t\t\t\t<\/div>\n\t\t\t\t<div class=\"elementor-element elementor-element-10bca967 elementor-align-left elementor-tablet-align-center elementor-widget elementor-widget-button\" data-id=\"10bca967\" data-element_type=\"widget\" data-e-type=\"widget\" data-widget_type=\"button.default\">\n\t\t\t\t<div class=\"elementor-widget-container\">\n\t\t\t\t\t\t\t\t\t<div class=\"elementor-button-wrapper\">\n\t\t\t\t\t<a class=\"elementor-button elementor-button-link elementor-size-sm\" href=\"https:\/\/www.imo-gmbh.com\/en\/contact\/\">\n\t\t\t\t\t\t<span class=\"elementor-button-content-wrapper\">\n\t\t\t\t\t\t\t\t\t<span class=\"elementor-button-text\">CONTACT US NOW<\/span>\n\t\t\t\t\t<\/span>\n\t\t\t\t\t<\/a>\n\t\t\t\t<\/div>\n\t\t\t\t\t\t\t\t<\/div>\n\t\t\t\t<\/div>\n\t\t\t\t\t<\/div>\n\t\t<\/div>\n\t\t\t\t\t<\/div>\n\t\t<\/section>\n\t\t\t\t<\/div>\n\t\t","protected":false},"excerpt":{"rendered":"<p>Bereits zum dritten Mal hat das IMO-Team in diesem Jahr beim Stadtradeln teilgenommen. 40 Kolleginnen und Kollegen traten aktiv in die Pedale und legten im Aktionszeitraum mehr als 10.500 Kilometer auf ihren Fahrr\u00e4dern zur\u00fcck. \u201eF\u00fcr die gefahrene Kilometer runden wir die Spendensumme auf und verteilen erneut 9.000 Euro unter drei sozialen Einrichtungen.\u201c <\/p>\n","protected":false},"author":15,"featured_media":16029,"comment_status":"closed","ping_status":"closed","sticky":false,"template":"elementor_header_footer","format":"standard","meta":{"footnotes":""},"categories":[35,34],"tags":[45,94,358],"class_list":["post-16230","post","type-post","status-publish","format-standard","has-post-thumbnail","hentry","category-sponsoring-en","category-news-en","tag-imo-en","tag-spende-en","tag-stadtradeln-en","entry"],"yoast_head":"<!-- This site is optimized with the Yoast SEO plugin v28.3 - https:\/\/yoast.com\/product\/yoast-seo-wordpress\/ -->\n<title>IMO-TEAM RADELT UND SPENDET - IMO Oberfl\u00e4chentechnik GmbH<\/title>\n<meta name=\"robots\" content=\"index, follow, max-snippet:-1, max-image-preview:large, max-video-preview:-1\" \/>\n<link rel=\"canonical\" href=\"https:\/\/www.imo-gmbh.com\/en\/imo-team-radelt-und-spendet\/\" \/>\n<meta property=\"og:locale\" content=\"en_US\" \/>\n<meta property=\"og:type\" content=\"article\" \/>\n<meta property=\"og:title\" content=\"IMO-TEAM RADELT UND SPENDET - IMO Oberfl\u00e4chentechnik GmbH\" \/>\n<meta property=\"og:description\" content=\"Bereits zum dritten Mal hat das IMO-Team in diesem Jahr beim Stadtradeln teilgenommen. 40 Kolleginnen und Kollegen traten aktiv in die Pedale und legten im Aktionszeitraum mehr als 10.500 Kilometer auf ihren Fahrr\u00e4dern zur\u00fcck. \u201eF\u00fcr die gefahrene Kilometer runden wir die Spendensumme auf und verteilen erneut 9.000 Euro unter drei sozialen Einrichtungen.\u201c\" \/>\n<meta property=\"og:url\" content=\"https:\/\/www.imo-gmbh.com\/en\/imo-team-radelt-und-spendet\/\" \/>\n<meta property=\"og:site_name\" content=\"IMO Oberfl\u00e4chentechnik GmbH\" \/>\n<meta property=\"article:published_time\" content=\"2023-08-10T06:11:51+00:00\" \/>\n<meta property=\"article:modified_time\" content=\"2023-08-10T06:11:57+00:00\" \/>\n<meta property=\"og:image\" content=\"https:\/\/www.imo-gmbh.com\/wp-content\/uploads\/2023\/08\/Stadtradeln_2023_Beitragsbild.jpg\" \/>\n\t<meta property=\"og:image:width\" content=\"800\" \/>\n\t<meta property=\"og:image:height\" content=\"600\" \/>\n\t<meta property=\"og:image:type\" content=\"image\/jpeg\" \/>\n<meta name=\"author\" content=\"Iris Mittelst\u00e4dt\" \/>\n<meta name=\"twitter:card\" content=\"summary_large_image\" \/>\n<meta name=\"twitter:label1\" content=\"Written by\" \/>\n\t<meta name=\"twitter:data1\" content=\"Iris Mittelst\u00e4dt\" \/>\n\t<meta name=\"twitter:label2\" content=\"Est. reading time\" \/>\n\t<meta name=\"twitter:data2\" content=\"2 minutes\" \/>\n<script type=\"application\/ld+json\" class=\"yoast-schema-graph\">{\"@context\":\"https:\\\/\\\/schema.org\",\"@graph\":[{\"@type\":\"Article\",\"@id\":\"https:\\\/\\\/www.imo-gmbh.com\\\/en\\\/imo-team-radelt-und-spendet\\\/#article\",\"isPartOf\":{\"@id\":\"https:\\\/\\\/www.imo-gmbh.com\\\/en\\\/imo-team-radelt-und-spendet\\\/\"},\"author\":{\"name\":\"Iris Mittelst\u00e4dt\",\"@id\":\"https:\\\/\\\/www.imo-gmbh.com\\\/en\\\/#\\\/schema\\\/person\\\/87c3ed1541f4fb28f213f4373819396d\"},\"headline\":\"IMO-TEAM RADELT UND SPENDET\",\"datePublished\":\"2023-08-10T06:11:51+00:00\",\"dateModified\":\"2023-08-10T06:11:57+00:00\",\"mainEntityOfPage\":{\"@id\":\"https:\\\/\\\/www.imo-gmbh.com\\\/en\\\/imo-team-radelt-und-spendet\\\/\"},\"wordCount\":413,\"publisher\":{\"@id\":\"https:\\\/\\\/www.imo-gmbh.com\\\/en\\\/#organization\"},\"image\":{\"@id\":\"https:\\\/\\\/www.imo-gmbh.com\\\/en\\\/imo-team-radelt-und-spendet\\\/#primaryimage\"},\"thumbnailUrl\":\"https:\\\/\\\/www.imo-gmbh.com\\\/wp-content\\\/uploads\\\/2023\\\/08\\\/Stadtradeln_2023_Beitragsbild.jpg\",\"keywords\":[\"IMO\",\"Spende\",\"Stadtradeln\"],\"articleSection\":[\"Donations \\\/ Sponsoring\",\"News\"],\"inLanguage\":\"en-US\"},{\"@type\":\"WebPage\",\"@id\":\"https:\\\/\\\/www.imo-gmbh.com\\\/en\\\/imo-team-radelt-und-spendet\\\/\",\"url\":\"https:\\\/\\\/www.imo-gmbh.com\\\/en\\\/imo-team-radelt-und-spendet\\\/\",\"name\":\"IMO-TEAM RADELT UND SPENDET - IMO Oberfl\u00e4chentechnik GmbH\",\"isPartOf\":{\"@id\":\"https:\\\/\\\/www.imo-gmbh.com\\\/en\\\/#website\"},\"primaryImageOfPage\":{\"@id\":\"https:\\\/\\\/www.imo-gmbh.com\\\/en\\\/imo-team-radelt-und-spendet\\\/#primaryimage\"},\"image\":{\"@id\":\"https:\\\/\\\/www.imo-gmbh.com\\\/en\\\/imo-team-radelt-und-spendet\\\/#primaryimage\"},\"thumbnailUrl\":\"https:\\\/\\\/www.imo-gmbh.com\\\/wp-content\\\/uploads\\\/2023\\\/08\\\/Stadtradeln_2023_Beitragsbild.jpg\",\"datePublished\":\"2023-08-10T06:11:51+00:00\",\"dateModified\":\"2023-08-10T06:11:57+00:00\",\"breadcrumb\":{\"@id\":\"https:\\\/\\\/www.imo-gmbh.com\\\/en\\\/imo-team-radelt-und-spendet\\\/#breadcrumb\"},\"inLanguage\":\"en-US\",\"potentialAction\":[{\"@type\":\"ReadAction\",\"target\":[\"https:\\\/\\\/www.imo-gmbh.com\\\/en\\\/imo-team-radelt-und-spendet\\\/\"]}]},{\"@type\":\"ImageObject\",\"inLanguage\":\"en-US\",\"@id\":\"https:\\\/\\\/www.imo-gmbh.com\\\/en\\\/imo-team-radelt-und-spendet\\\/#primaryimage\",\"url\":\"https:\\\/\\\/www.imo-gmbh.com\\\/wp-content\\\/uploads\\\/2023\\\/08\\\/Stadtradeln_2023_Beitragsbild.jpg\",\"contentUrl\":\"https:\\\/\\\/www.imo-gmbh.com\\\/wp-content\\\/uploads\\\/2023\\\/08\\\/Stadtradeln_2023_Beitragsbild.jpg\",\"width\":800,\"height\":600,\"caption\":\"Gruppe Personen Stadtradeln IMO 2023\"},{\"@type\":\"BreadcrumbList\",\"@id\":\"https:\\\/\\\/www.imo-gmbh.com\\\/en\\\/imo-team-radelt-und-spendet\\\/#breadcrumb\",\"itemListElement\":[{\"@type\":\"ListItem\",\"position\":1,\"name\":\"Startseite\",\"item\":\"https:\\\/\\\/www.imo-gmbh.com\\\/en\\\/\"},{\"@type\":\"ListItem\",\"position\":2,\"name\":\"IMO-TEAM RADELT UND SPENDET\"}]},{\"@type\":\"WebSite\",\"@id\":\"https:\\\/\\\/www.imo-gmbh.com\\\/en\\\/#website\",\"url\":\"https:\\\/\\\/www.imo-gmbh.com\\\/en\\\/\",\"name\":\"IMO Oberfl\u00e4chentechnik GmbH\",\"description\":\"Eine weitere WordPress-Website\",\"publisher\":{\"@id\":\"https:\\\/\\\/www.imo-gmbh.com\\\/en\\\/#organization\"},\"potentialAction\":[{\"@type\":\"SearchAction\",\"target\":{\"@type\":\"EntryPoint\",\"urlTemplate\":\"https:\\\/\\\/www.imo-gmbh.com\\\/en\\\/?s={search_term_string}\"},\"query-input\":{\"@type\":\"PropertyValueSpecification\",\"valueRequired\":true,\"valueName\":\"search_term_string\"}}],\"inLanguage\":\"en-US\"},{\"@type\":\"Organization\",\"@id\":\"https:\\\/\\\/www.imo-gmbh.com\\\/en\\\/#organization\",\"name\":\"IMO Oberfl\u00e4chentechnik GmbH\",\"url\":\"https:\\\/\\\/www.imo-gmbh.com\\\/en\\\/\",\"logo\":{\"@type\":\"ImageObject\",\"inLanguage\":\"en-US\",\"@id\":\"https:\\\/\\\/www.imo-gmbh.com\\\/en\\\/#\\\/schema\\\/logo\\\/image\\\/\",\"url\":\"https:\\\/\\\/www.imo-gmbh.com\\\/wp-content\\\/uploads\\\/2019\\\/08\\\/imo-logo-rot.svg\",\"contentUrl\":\"https:\\\/\\\/www.imo-gmbh.com\\\/wp-content\\\/uploads\\\/2019\\\/08\\\/imo-logo-rot.svg\",\"width\":51,\"height\":168,\"caption\":\"IMO Oberfl\u00e4chentechnik GmbH\"},\"image\":{\"@id\":\"https:\\\/\\\/www.imo-gmbh.com\\\/en\\\/#\\\/schema\\\/logo\\\/image\\\/\"}},{\"@type\":\"Person\",\"@id\":\"https:\\\/\\\/www.imo-gmbh.com\\\/en\\\/#\\\/schema\\\/person\\\/87c3ed1541f4fb28f213f4373819396d\",\"name\":\"Iris Mittelst\u00e4dt\",\"sameAs\":[\"https:\\\/\\\/www.imo-gmbh.com\"]}]}<\/script>\n<!-- \/ Yoast SEO plugin. -->","yoast_head_json":{"title":"IMO-TEAM RADELT UND SPENDET - IMO Oberfl\u00e4chentechnik GmbH","robots":{"index":"index","follow":"follow","max-snippet":"max-snippet:-1","max-image-preview":"max-image-preview:large","max-video-preview":"max-video-preview:-1"},"canonical":"https:\/\/www.imo-gmbh.com\/en\/imo-team-radelt-und-spendet\/","og_locale":"en_US","og_type":"article","og_title":"IMO-TEAM RADELT UND SPENDET - IMO Oberfl\u00e4chentechnik GmbH","og_description":"Bereits zum dritten Mal hat das IMO-Team in diesem Jahr beim Stadtradeln teilgenommen. 40 Kolleginnen und Kollegen traten aktiv in die Pedale und legten im Aktionszeitraum mehr als 10.500 Kilometer auf ihren Fahrr\u00e4dern zur\u00fcck. \u201eF\u00fcr die gefahrene Kilometer runden wir die Spendensumme auf und verteilen erneut 9.000 Euro unter drei sozialen Einrichtungen.\u201c","og_url":"https:\/\/www.imo-gmbh.com\/en\/imo-team-radelt-und-spendet\/","og_site_name":"IMO Oberfl\u00e4chentechnik GmbH","article_published_time":"2023-08-10T06:11:51+00:00","article_modified_time":"2023-08-10T06:11:57+00:00","og_image":[{"width":800,"height":600,"url":"https:\/\/www.imo-gmbh.com\/wp-content\/uploads\/2023\/08\/Stadtradeln_2023_Beitragsbild.jpg","type":"image\/jpeg"}],"author":"Iris Mittelst\u00e4dt","twitter_card":"summary_large_image","twitter_misc":{"Written by":"Iris Mittelst\u00e4dt","Est. reading time":"2 minutes"},"schema":{"@context":"https:\/\/schema.org","@graph":[{"@type":"Article","@id":"https:\/\/www.imo-gmbh.com\/en\/imo-team-radelt-und-spendet\/#article","isPartOf":{"@id":"https:\/\/www.imo-gmbh.com\/en\/imo-team-radelt-und-spendet\/"},"author":{"name":"Iris Mittelst\u00e4dt","@id":"https:\/\/www.imo-gmbh.com\/en\/#\/schema\/person\/87c3ed1541f4fb28f213f4373819396d"},"headline":"IMO-TEAM RADELT UND SPENDET","datePublished":"2023-08-10T06:11:51+00:00","dateModified":"2023-08-10T06:11:57+00:00","mainEntityOfPage":{"@id":"https:\/\/www.imo-gmbh.com\/en\/imo-team-radelt-und-spendet\/"},"wordCount":413,"publisher":{"@id":"https:\/\/www.imo-gmbh.com\/en\/#organization"},"image":{"@id":"https:\/\/www.imo-gmbh.com\/en\/imo-team-radelt-und-spendet\/#primaryimage"},"thumbnailUrl":"https:\/\/www.imo-gmbh.com\/wp-content\/uploads\/2023\/08\/Stadtradeln_2023_Beitragsbild.jpg","keywords":["IMO","Spende","Stadtradeln"],"articleSection":["Donations \/ Sponsoring","News"],"inLanguage":"en-US"},{"@type":"WebPage","@id":"https:\/\/www.imo-gmbh.com\/en\/imo-team-radelt-und-spendet\/","url":"https:\/\/www.imo-gmbh.com\/en\/imo-team-radelt-und-spendet\/","name":"IMO-TEAM RADELT UND SPENDET - IMO Oberfl\u00e4chentechnik GmbH","isPartOf":{"@id":"https:\/\/www.imo-gmbh.com\/en\/#website"},"primaryImageOfPage":{"@id":"https:\/\/www.imo-gmbh.com\/en\/imo-team-radelt-und-spendet\/#primaryimage"},"image":{"@id":"https:\/\/www.imo-gmbh.com\/en\/imo-team-radelt-und-spendet\/#primaryimage"},"thumbnailUrl":"https:\/\/www.imo-gmbh.com\/wp-content\/uploads\/2023\/08\/Stadtradeln_2023_Beitragsbild.jpg","datePublished":"2023-08-10T06:11:51+00:00","dateModified":"2023-08-10T06:11:57+00:00","breadcrumb":{"@id":"https:\/\/www.imo-gmbh.com\/en\/imo-team-radelt-und-spendet\/#breadcrumb"},"inLanguage":"en-US","potentialAction":[{"@type":"ReadAction","target":["https:\/\/www.imo-gmbh.com\/en\/imo-team-radelt-und-spendet\/"]}]},{"@type":"ImageObject","inLanguage":"en-US","@id":"https:\/\/www.imo-gmbh.com\/en\/imo-team-radelt-und-spendet\/#primaryimage","url":"https:\/\/www.imo-gmbh.com\/wp-content\/uploads\/2023\/08\/Stadtradeln_2023_Beitragsbild.jpg","contentUrl":"https:\/\/www.imo-gmbh.com\/wp-content\/uploads\/2023\/08\/Stadtradeln_2023_Beitragsbild.jpg","width":800,"height":600,"caption":"Gruppe Personen Stadtradeln IMO 2023"},{"@type":"BreadcrumbList","@id":"https:\/\/www.imo-gmbh.com\/en\/imo-team-radelt-und-spendet\/#breadcrumb","itemListElement":[{"@type":"ListItem","position":1,"name":"Startseite","item":"https:\/\/www.imo-gmbh.com\/en\/"},{"@type":"ListItem","position":2,"name":"IMO-TEAM RADELT UND SPENDET"}]},{"@type":"WebSite","@id":"https:\/\/www.imo-gmbh.com\/en\/#website","url":"https:\/\/www.imo-gmbh.com\/en\/","name":"IMO Oberfl\u00e4chentechnik GmbH","description":"Eine weitere WordPress-Website","publisher":{"@id":"https:\/\/www.imo-gmbh.com\/en\/#organization"},"potentialAction":[{"@type":"SearchAction","target":{"@type":"EntryPoint","urlTemplate":"https:\/\/www.imo-gmbh.com\/en\/?s={search_term_string}"},"query-input":{"@type":"PropertyValueSpecification","valueRequired":true,"valueName":"search_term_string"}}],"inLanguage":"en-US"},{"@type":"Organization","@id":"https:\/\/www.imo-gmbh.com\/en\/#organization","name":"IMO Oberfl\u00e4chentechnik GmbH","url":"https:\/\/www.imo-gmbh.com\/en\/","logo":{"@type":"ImageObject","inLanguage":"en-US","@id":"https:\/\/www.imo-gmbh.com\/en\/#\/schema\/logo\/image\/","url":"https:\/\/www.imo-gmbh.com\/wp-content\/uploads\/2019\/08\/imo-logo-rot.svg","contentUrl":"https:\/\/www.imo-gmbh.com\/wp-content\/uploads\/2019\/08\/imo-logo-rot.svg","width":51,"height":168,"caption":"IMO Oberfl\u00e4chentechnik GmbH"},"image":{"@id":"https:\/\/www.imo-gmbh.com\/en\/#\/schema\/logo\/image\/"}},{"@type":"Person","@id":"https:\/\/www.imo-gmbh.com\/en\/#\/schema\/person\/87c3ed1541f4fb28f213f4373819396d","name":"Iris Mittelst\u00e4dt","sameAs":["https:\/\/www.imo-gmbh.com"]}]}},"_links":{"self":[{"href":"https:\/\/www.imo-gmbh.com\/en\/wp-json\/wp\/v2\/posts\/16230","targetHints":{"allow":["GET"]}}],"collection":[{"href":"https:\/\/www.imo-gmbh.com\/en\/wp-json\/wp\/v2\/posts"}],"about":[{"href":"https:\/\/www.imo-gmbh.com\/en\/wp-json\/wp\/v2\/types\/post"}],"author":[{"embeddable":true,"href":"https:\/\/www.imo-gmbh.com\/en\/wp-json\/wp\/v2\/users\/15"}],"replies":[{"embeddable":true,"href":"https:\/\/www.imo-gmbh.com\/en\/wp-json\/wp\/v2\/comments?post=16230"}],"version-history":[{"count":0,"href":"https:\/\/www.imo-gmbh.com\/en\/wp-json\/wp\/v2\/posts\/16230\/revisions"}],"wp:featuredmedia":[{"embeddable":true,"href":"https:\/\/www.imo-gmbh.com\/en\/wp-json\/wp\/v2\/media\/16029"}],"wp:attachment":[{"href":"https:\/\/www.imo-gmbh.com\/en\/wp-json\/wp\/v2\/media?parent=16230"}],"wp:term":[{"taxonomy":"category","embeddable":true,"href":"https:\/\/www.imo-gmbh.com\/en\/wp-json\/wp\/v2\/categories?post=16230"},{"taxonomy":"post_tag","embeddable":true,"href":"https:\/\/www.imo-gmbh.com\/en\/wp-json\/wp\/v2\/tags?post=16230"}],"curies":[{"name":"wp","href":"https:\/\/api.w.org\/{rel}","templated":true}]}}